{"id":58614,"date":"2026-09-03T08:55:29","date_gmt":"2026-09-03T14:55:29","guid":{"rendered":"https:\/\/abzturistico.com\/?p=58614"},"modified":"2026-09-03T08:55:29","modified_gmt":"2026-09-03T14:55:29","slug":"mas-de-tres-decadas-de-historia-estur-operadora","status":"publish","type":"post","link":"https:\/\/abzturistico.com\/?p=58614","title":{"rendered":"M\u00e1s de tres d\u00e9cadas de historia: ESTUR Operadora"},"content":{"rendered":"<p>Hay celebraciones que no deben pasar desapercibidas, y es una excelente raz\u00f3n para reunir a aquellas personas que han sido parte clave de ellas, como el aniversario n\u00famero 31 de ESTUR, el cual reuni\u00f3 a socios comerciales y agencias de viajes en un recinto dedicado al agradecimiento y a los buenos recuerdos.<\/p>\n<p><a href=\"https:\/\/abzturistico.com\/wp-content\/uploads\/2026\/09\/2__4.jpeg\"><img loading=\"lazy\" decoding=\"async\" class=\"aligncenter size-full wp-image-58616\" src=\"https:\/\/abzturistico.com\/wp-content\/uploads\/2026\/09\/2__4.jpeg\" alt=\"\" width=\"1280\" height=\"708\" srcset=\"https:\/\/abzturistico.com\/wp-content\/uploads\/2026\/09\/2__4.jpeg 1280w, https:\/\/abzturistico.com\/wp-content\/uploads\/2026\/09\/2__4-300x166.jpeg 300w, https:\/\/abzturistico.com\/wp-content\/uploads\/2026\/09\/2__4-1024x566.jpeg 1024w, https:\/\/abzturistico.com\/wp-content\/uploads\/2026\/09\/2__4-768x425.jpeg 768w, https:\/\/abzturistico.com\/wp-content\/uploads\/2026\/09\/2__4-400x221.jpeg 400w, https:\/\/abzturistico.com\/wp-content\/uploads\/2026\/09\/2__4-1085x600.jpeg 1085w\" sizes=\"auto, (max-width: 1280px) 100vw, 1280px\" \/><\/a><\/p>\n<h3>HISTORIAS COMPARTIDAS<\/h3>\n<p>Para hablar sobre la trayectoria y los momentos que han surgido en el camino, Livier Nu\u00f1o, directora general de ESTUR, extendi\u00f3 a sus invitados unas palabras especiales, resaltando el apreci\u00f3 y significado que representa seguir caminando en conjunto.<\/p>\n<p>Se cont\u00f3 con la presencia de marcas como Canto Del Sol, Costa de Oro, Hotel Delf\u00edn Puerto Vallarta, Hotel Plaza Morelia, Hotel Vista Playa de Oro Manzanillo y RIU Hotels &amp; Resorts, quienes no solo felicitaron al tour operador, sino que tambi\u00e9n compartieron novedades de sus propiedades, as\u00ed como promociones especiales.<\/p>\n<p><a href=\"https:\/\/abzturistico.com\/wp-content\/uploads\/2026\/09\/6__3.jpeg\"><img loading=\"lazy\" decoding=\"async\" class=\"aligncenter size-full wp-image-58619\" src=\"https:\/\/abzturistico.com\/wp-content\/uploads\/2026\/09\/6__3.jpeg\" alt=\"\" width=\"1280\" height=\"919\" srcset=\"https:\/\/abzturistico.com\/wp-content\/uploads\/2026\/09\/6__3.jpeg 1280w, https:\/\/abzturistico.com\/wp-content\/uploads\/2026\/09\/6__3-300x215.jpeg 300w, https:\/\/abzturistico.com\/wp-content\/uploads\/2026\/09\/6__3-1024x735.jpeg 1024w, https:\/\/abzturistico.com\/wp-content\/uploads\/2026\/09\/6__3-768x551.jpeg 768w, https:\/\/abzturistico.com\/wp-content\/uploads\/2026\/09\/6__3-400x287.jpeg 400w, https:\/\/abzturistico.com\/wp-content\/uploads\/2026\/09\/6__3-836x600.jpeg 836w\" sizes=\"auto, (max-width: 1280px) 100vw, 1280px\" \/><\/a><\/p>\n<h3>PAUSAR PARA BRILLAR<\/h3>\n<p>A veces es necesario tomarse una pausa y dedicar unos minutos para recordar aquellos momentos que no deben olvidarse. Dar gracias por las oportunidades, por las personas que se han cruzado en el camino, por los aprendizajes y los nuevos retos que se presentan, as\u00ed fue como sucedi\u00f3 la din\u00e1mica \u201cEnciende tu Luz\u201d.<\/p>\n<p>Charlas, un ambiente de armon\u00eda y unas ricas nieves fue la manera perfecta para rendir homenaje a los 31 a\u00f1os de confianza y trayectoria del tour operador.<\/p>\n<p><a href=\"https:\/\/abzturistico.com\/wp-content\/uploads\/2026\/09\/5__4.jpeg\"><img loading=\"lazy\" decoding=\"async\" class=\"aligncenter size-full wp-image-58618\" src=\"https:\/\/abzturistico.com\/wp-content\/uploads\/2026\/09\/5__4.jpeg\" alt=\"\" width=\"1280\" height=\"853\" srcset=\"https:\/\/abzturistico.com\/wp-content\/uploads\/2026\/09\/5__4.jpeg 1280w, https:\/\/abzturistico.com\/wp-content\/uploads\/2026\/09\/5__4-300x200.jpeg 300w, https:\/\/abzturistico.com\/wp-content\/uploads\/2026\/09\/5__4-1024x682.jpeg 1024w, https:\/\/abzturistico.com\/wp-content\/uploads\/2026\/09\/5__4-768x512.jpeg 768w, https:\/\/abzturistico.com\/wp-content\/uploads\/2026\/09\/5__4-400x267.jpeg 400w, https:\/\/abzturistico.com\/wp-content\/uploads\/2026\/09\/5__4-900x600.jpeg 900w\" sizes=\"auto, (max-width: 1280px) 100vw, 1280px\" \/><\/a> <a href=\"https:\/\/abzturistico.com\/wp-content\/uploads\/2026\/09\/3__4.jpeg\"><img loading=\"lazy\" decoding=\"async\" class=\"aligncenter size-full wp-image-58617\" src=\"https:\/\/abzturistico.com\/wp-content\/uploads\/2026\/09\/3__4.jpeg\" alt=\"\" width=\"1280\" height=\"853\" srcset=\"https:\/\/abzturistico.com\/wp-content\/uploads\/2026\/09\/3__4.jpeg 1280w, https:\/\/abzturistico.com\/wp-content\/uploads\/2026\/09\/3__4-300x200.jpeg 300w, https:\/\/abzturistico.com\/wp-content\/uploads\/2026\/09\/3__4-1024x682.jpeg 1024w, https:\/\/abzturistico.com\/wp-content\/uploads\/2026\/09\/3__4-768x512.jpeg 768w, https:\/\/abzturistico.com\/wp-content\/uploads\/2026\/09\/3__4-400x267.jpeg 400w, https:\/\/abzturistico.com\/wp-content\/uploads\/2026\/09\/3__4-900x600.jpeg 900w\" sizes=\"auto, (max-width: 1280px) 100vw, 1280px\" \/><\/a><\/p>\n","protected":false},"excerpt":{"rendered":"<p>Hay celebraciones que no deben pasar desapercibidas, y es una excelente raz\u00f3n para reunir a aquellas personas que han sido parte clave de ellas, como el aniversario n\u00famero 31 de ESTUR, el cual reuni\u00f3 a socios comerciales y agencias de viajes en un recinto dedicado al agradecimiento y a los buenos recuerdos. HISTORIAS COMPARTIDAS Para hablar sobre la trayectoria y los momentos que han surgido en el camino, Livier Nu\u00f1o, directora general de ESTUR, extendi\u00f3 a sus invitados unas palabras especiales, resaltando el apreci\u00f3 y significado que representa seguir caminando en conjunto. Se cont\u00f3 con la presencia de marcas como [&hellip;]<\/p>\n","protected":false},"author":7,"featured_media":58615,"comment_status":"open","ping_status":"open","sticky":false,"template":"","format":"standard","meta":{"footnotes":""},"categories":[576,12],"tags":[],"class_list":["post-58614","post","type-post","status-publish","format-standard","has-post-thumbnail","hentry","category-app","category-clic"],"_links":{"self":[{"href":"https:\/\/abzturistico.com\/index.php?rest_route=\/wp\/v2\/posts\/58614","targetHints":{"allow":["GET"]}}],"collection":[{"href":"https:\/\/abzturistico.com\/index.php?rest_route=\/wp\/v2\/posts"}],"about":[{"href":"https:\/\/abzturistico.com\/index.php?rest_route=\/wp\/v2\/types\/post"}],"author":[{"embeddable":true,"href":"https:\/\/abzturistico.com\/index.php?rest_route=\/wp\/v2\/users\/7"}],"replies":[{"embeddable":true,"href":"https:\/\/abzturistico.com\/index.php?rest_route=%2Fwp%2Fv2%2Fcomments&post=58614"}],"version-history":[{"count":1,"href":"https:\/\/abzturistico.com\/index.php?rest_route=\/wp\/v2\/posts\/58614\/revisions"}],"predecessor-version":[{"id":58620,"href":"https:\/\/abzturistico.com\/index.php?rest_route=\/wp\/v2\/posts\/58614\/revisions\/58620"}],"wp:featuredmedia":[{"embeddable":true,"href":"https:\/\/abzturistico.com\/index.php?rest_route=\/wp\/v2\/media\/58615"}],"wp:attachment":[{"href":"https:\/\/abzturistico.com\/index.php?rest_route=%2Fwp%2Fv2%2Fmedia&parent=58614"}],"wp:term":[{"taxonomy":"category","embeddable":true,"href":"https:\/\/abzturistico.com\/index.php?rest_route=%2Fwp%2Fv2%2Fcategories&post=58614"},{"taxonomy":"post_tag","embeddable":true,"href":"https:\/\/abzturistico.com\/index.php?rest_route=%2Fwp%2Fv2%2Ftags&post=58614"}],"curies":[{"name":"wp","href":"https:\/\/api.w.org\/{rel}","templated":true}]}}