{"id":58532,"date":"2026-09-02T16:10:18","date_gmt":"2026-09-02T22:10:18","guid":{"rendered":"https:\/\/abzturistico.com\/?p=58532"},"modified":"2026-09-02T16:10:18","modified_gmt":"2026-09-02T22:10:18","slug":"desde-los-himalayas-318","status":"publish","type":"post","link":"https:\/\/abzturistico.com\/?p=58532","title":{"rendered":"Desde Los Himalayas 318"},"content":{"rendered":"<p>Un d\u00eda, en alguno de tantos eventos de esta industria, alguien se me acerc\u00f3 y me dijo: <em>\u201cHola, oye, nos gustar\u00eda hacerte <\/em><em>una entrevista para una revista\u201d<\/em>.<\/p>\n<p>Yo todav\u00eda no sab\u00eda que ese encuentro me llevar\u00eda a conocer a uno de los equipos m\u00e1s creativos y profesionales con los que he tenido la fortuna de trabajar y que, al poco tiempo, se convertir\u00edan tambi\u00e9n en c\u00f3mplices de muchas locuras.<\/p>\n<p>Jes\u00fas y el equipo de ABZ me vieron crecer a m\u00ed y a Xcaret pr\u00e1cticamente desde la primera piedra. Cuando me invitaron a participar en una de las primeras ediciones de Xcaret M\u00e9xico, le confes\u00e9 a Jes\u00fas lo nerviosa y emocionada que estaba. Desde que comenc\u00e9 en esta industria era fan de la revista: segu\u00eda sus art\u00edculos y ve\u00eda aparecer en sus p\u00e1ginas a las grandes personalidades del turismo en M\u00e9xico como si fueran artistas. Jam\u00e1s imagin\u00e9 que alg\u00fan d\u00eda yo tambi\u00e9n estar\u00eda ah\u00ed.<\/p>\n<p>Creo que nunca tuve la oportunidad de dec\u00edrselo en persona, pero muchas veces sent\u00ed que Jes\u00fas cre\u00eda m\u00e1s en m\u00ed de lo que yo misma lo hac\u00eda. Siempre ech\u00e1ndome porras. Siempre con la c\u00e1mara lista, cual paparazzi, buscando mi mejor \u00e1ngulo y el mejor escenario. Poni\u00e9ndome en los encabezados cada vez que pod\u00eda, como pap\u00e1 orgulloso.<\/p>\n<p>Una vez me invit\u00f3 a participar en un especial del D\u00eda del Ni\u00f1o y logr\u00f3 que desempolvara fotos de mi infancia&#8230; incluido un inolvidable disfraz de espa\u00f1ola con casta\u00f1uelas.<\/p>\n<p>Despu\u00e9s vinieron muchos proyectos, aperturas y aventuras juntos. Atravesamos incluso una pandemia, y ABZ estuvo ah\u00ed, respald\u00e1ndonos siempre como parte de nuestra familia.<\/p>\n<p><a href=\"https:\/\/abzturistico.com\/wp-content\/uploads\/2022\/10\/jrp.jpg\"><img loading=\"lazy\" decoding=\"async\" class=\"aligncenter size-full wp-image-44538\" src=\"https:\/\/abzturistico.com\/wp-content\/uploads\/2022\/10\/jrp.jpg\" alt=\"\" width=\"1280\" height=\"820\" srcset=\"https:\/\/abzturistico.com\/wp-content\/uploads\/2022\/10\/jrp.jpg 1280w, https:\/\/abzturistico.com\/wp-content\/uploads\/2022\/10\/jrp-300x192.jpg 300w, https:\/\/abzturistico.com\/wp-content\/uploads\/2022\/10\/jrp-1024x656.jpg 1024w, https:\/\/abzturistico.com\/wp-content\/uploads\/2022\/10\/jrp-768x492.jpg 768w, https:\/\/abzturistico.com\/wp-content\/uploads\/2022\/10\/jrp-400x256.jpg 400w, https:\/\/abzturistico.com\/wp-content\/uploads\/2022\/10\/jrp-937x600.jpg 937w\" sizes=\"auto, (max-width: 1280px) 100vw, 1280px\" \/><\/a><\/p>\n<p>Uno de los recuerdos que guardo con m\u00e1s cari\u00f1o fue una semana en la que ABZ nos apoy\u00f3 con el levantamiento de contenido para los tours 360 de las habitaciones y la propiedad. Jes\u00fas, con ese profesionalismo impecable que lo caracterizaba, nos ten\u00eda listos desde las cinco de la ma\u00f1ana porque \u201ca esa hora estaba mejor la luz\u201d. Y ah\u00ed est\u00e1bamos todos, haciendo lo necesario para lograr la toma perfecta: Poncho escondido detr\u00e1s de la puerta del ba\u00f1o y yo detr\u00e1s del sof\u00e1 cama para no aparecer en el recorrido.<\/p>\n<p>\u00a1Cu\u00e1nto aprend\u00ed y cu\u00e1nto me divert\u00ed esos d\u00edas!<\/p>\n<p>Ojal\u00e1 hubiera tenido m\u00e1s tiempo para aprender de tu talento, mi querido Jes\u00fas. Y ojal\u00e1 hubiera alcanzado a decirte algo que hoy entiendo mucho mejor: gracias por creer en m\u00ed, incluso en momentos en los que yo todav\u00eda no terminaba de hacerlo. Gracias por echarme porras, por querer verme crecer y, sobre todo, por querer verme brillar.<\/p>\n<p>Gracias por hacerme sentir que yo tambi\u00e9n pod\u00eda pertenecer a ese \u201csal\u00f3n de la fama\u201d que durante tantos a\u00f1os admir\u00e9 desde lejos.<\/p>\n<p>Y mira t\u00fa&#8230; tantos a\u00f1os despu\u00e9s, aqu\u00ed estoy otra vez en tus p\u00e1ginas.<\/p>\n<p>No le digas a Faby, pero habiendo tantas celebridades y tantas personas que tuvieron la fortuna de conocerte, jam\u00e1s pens\u00e9 que me invitar\u00edan a m\u00ed a escribir en esta secci\u00f3n.<\/p>\n<p>Aunque, pens\u00e1ndolo bien, no me sorprende tanto. Me gusta imaginar que, desde alg\u00fan lugar de los Himalayas, sigues haciendo exactamente lo mismo de siempre: acomod\u00e1ndonos en el mejor escenario, buscando nuestra mejor luz y record\u00e1ndonos que tambi\u00e9n merecemos estar ah\u00ed.<\/p>\n<p>Y que esta vez, de alguna manera, fuiste t\u00fa otra vez dici\u00e9ndome: \u201cKari, ponte ah\u00ed para la foto\u201d.<\/p>\n<p><a href=\"https:\/\/abzturistico.com\/wp-content\/uploads\/2026\/09\/karinaya.jpg\"><img loading=\"lazy\" decoding=\"async\" class=\"aligncenter size-full wp-image-58534\" src=\"https:\/\/abzturistico.com\/wp-content\/uploads\/2026\/09\/karinaya.jpg\" alt=\"\" width=\"795\" height=\"771\" srcset=\"https:\/\/abzturistico.com\/wp-content\/uploads\/2026\/09\/karinaya.jpg 795w, https:\/\/abzturistico.com\/wp-content\/uploads\/2026\/09\/karinaya-300x291.jpg 300w, https:\/\/abzturistico.com\/wp-content\/uploads\/2026\/09\/karinaya-768x745.jpg 768w, https:\/\/abzturistico.com\/wp-content\/uploads\/2026\/09\/karinaya-400x388.jpg 400w, https:\/\/abzturistico.com\/wp-content\/uploads\/2026\/09\/karinaya-619x600.jpg 619w\" sizes=\"auto, (max-width: 795px) 100vw, 795px\" \/><\/a><\/p>\n<p style=\"text-align: right;\"><strong>Karina Guzm\u00e1n<\/strong><br \/>\n<em>Directora de Ventas Leisure<\/em><br \/>\nSLS Playa Mujeres<\/p>\n","protected":false},"excerpt":{"rendered":"<p>Un d\u00eda, en alguno de tantos eventos de esta industria, alguien se me acerc\u00f3 y me dijo: \u201cHola, oye, nos gustar\u00eda hacerte una entrevista para una revista\u201d. Yo todav\u00eda no sab\u00eda que ese encuentro me llevar\u00eda a conocer a uno de los equipos m\u00e1s creativos y profesionales con los que he tenido la fortuna de trabajar y que, al poco tiempo, se convertir\u00edan tambi\u00e9n en c\u00f3mplices de muchas locuras. Jes\u00fas y el equipo de ABZ me vieron crecer a m\u00ed y a Xcaret pr\u00e1cticamente desde la primera piedra. Cuando me invitaron a participar en una de las primeras ediciones de [&hellip;]<\/p>\n","protected":false},"author":7,"featured_media":58534,"comment_status":"open","ping_status":"open","sticky":false,"template":"","format":"standard","meta":{"footnotes":""},"categories":[576,588],"tags":[],"class_list":["post-58532","post","type-post","status-publish","format-standard","has-post-thumbnail","hentry","category-app","category-desde-los-himalayas"],"_links":{"self":[{"href":"https:\/\/abzturistico.com\/index.php?rest_route=\/wp\/v2\/posts\/58532","targetHints":{"allow":["GET"]}}],"collection":[{"href":"https:\/\/abzturistico.com\/index.php?rest_route=\/wp\/v2\/posts"}],"about":[{"href":"https:\/\/abzturistico.com\/index.php?rest_route=\/wp\/v2\/types\/post"}],"author":[{"embeddable":true,"href":"https:\/\/abzturistico.com\/index.php?rest_route=\/wp\/v2\/users\/7"}],"replies":[{"embeddable":true,"href":"https:\/\/abzturistico.com\/index.php?rest_route=%2Fwp%2Fv2%2Fcomments&post=58532"}],"version-history":[{"count":1,"href":"https:\/\/abzturistico.com\/index.php?rest_route=\/wp\/v2\/posts\/58532\/revisions"}],"predecessor-version":[{"id":58536,"href":"https:\/\/abzturistico.com\/index.php?rest_route=\/wp\/v2\/posts\/58532\/revisions\/58536"}],"wp:featuredmedia":[{"embeddable":true,"href":"https:\/\/abzturistico.com\/index.php?rest_route=\/wp\/v2\/media\/58534"}],"wp:attachment":[{"href":"https:\/\/abzturistico.com\/index.php?rest_route=%2Fwp%2Fv2%2Fmedia&parent=58532"}],"wp:term":[{"taxonomy":"category","embeddable":true,"href":"https:\/\/abzturistico.com\/index.php?rest_route=%2Fwp%2Fv2%2Fcategories&post=58532"},{"taxonomy":"post_tag","embeddable":true,"href":"https:\/\/abzturistico.com\/index.php?rest_route=%2Fwp%2Fv2%2Ftags&post=58532"}],"curies":[{"name":"wp","href":"https:\/\/api.w.org\/{rel}","templated":true}]}}