{"id":58467,"date":"2026-09-02T15:19:07","date_gmt":"2026-09-02T21:19:07","guid":{"rendered":"https:\/\/abzturistico.com\/?p=58467"},"modified":"2026-09-02T15:19:07","modified_gmt":"2026-09-02T21:19:07","slug":"naturleon-presenta-mexicanisimo-una-gala-hecha-con-amor-por-mexico","status":"publish","type":"post","link":"https:\/\/abzturistico.com\/?p=58467","title":{"rendered":"NaturLe\u00f3n presenta: Mexican\u00edsimo &#8211; Una gala hecha con amor por M\u00e9xico"},"content":{"rendered":"<p>Hay celebraciones que se convierten en una experiencia para recordar, como la Gala NaturLe\u00f3n 2026, en la que el equipo del operador reuni\u00f3 a sus agencias de viajes, socios comerciales, familia y amigos para celebrar su 24 aniversario con una velada que tuvo como protagonista a M\u00e9xico. Bajo el concepto \u201cMexican\u00edsimo\u201d, cada detalle de la noche rindi\u00f3 homenaje a la identidad de nuestro pa\u00eds. Desde la ambientaci\u00f3n hasta la gastronom\u00eda, pasando por la m\u00fasica, el arte y las tradiciones, NaturLe\u00f3n convirti\u00f3 su aniversario en un aut\u00e9ntico recorrido por la riqueza cultural de M\u00e9xico.<\/p>\n<p><a href=\"https:\/\/abzturistico.com\/wp-content\/uploads\/2026\/09\/1_NaturGala.jpeg\"><img loading=\"lazy\" decoding=\"async\" class=\"aligncenter size-full wp-image-58468\" src=\"https:\/\/abzturistico.com\/wp-content\/uploads\/2026\/09\/1_NaturGala.jpeg\" alt=\"\" width=\"1280\" height=\"702\" srcset=\"https:\/\/abzturistico.com\/wp-content\/uploads\/2026\/09\/1_NaturGala.jpeg 1280w, https:\/\/abzturistico.com\/wp-content\/uploads\/2026\/09\/1_NaturGala-300x165.jpeg 300w, https:\/\/abzturistico.com\/wp-content\/uploads\/2026\/09\/1_NaturGala-1024x562.jpeg 1024w, https:\/\/abzturistico.com\/wp-content\/uploads\/2026\/09\/1_NaturGala-768x421.jpeg 768w, https:\/\/abzturistico.com\/wp-content\/uploads\/2026\/09\/1_NaturGala-400x219.jpeg 400w, https:\/\/abzturistico.com\/wp-content\/uploads\/2026\/09\/1_NaturGala-1094x600.jpeg 1094w\" sizes=\"auto, (max-width: 1280px) 100vw, 1280px\" \/><\/a><\/p>\n<h3>Una fiesta que comenz\u00f3 desde la mesa<\/h3>\n<p>Dicen que algunos de los mejores recuerdos comienzan alrededor de una mesa. Y en esta gala, la mesa fue precisamente uno de los grandes protagonistas.<\/p>\n<p>La ambientaci\u00f3n transport\u00f3 a los invitados a distintos rincones de la cultura mexicana. Las mesas, inspiradas en el tradicional juego de la loter\u00eda, aportaron color y nostalgia a la celebraci\u00f3n, mientras que la recreaci\u00f3n de la fachada de la ic\u00f3nica Casa Azul de Frida Kahlo rindi\u00f3 homenaje al arte y a una de las figuras que han llevado la identidad mexicana al mundo.<\/p>\n<p>A este escenario se sumaron el mariachi y diferentes elementos que hicieron que la esencia de M\u00e9xico estuviera presente durante toda la noche, creando una atm\u00f3sfera en la que cada invitado pudiera reencontrarse con sabores, im\u00e1genes, sonidos y tradiciones que forman parte de la memoria colectiva de nuestro pa\u00eds.<\/p>\n<p><a href=\"https:\/\/abzturistico.com\/wp-content\/uploads\/2026\/09\/4.-NaturGala.jpeg\"><img loading=\"lazy\" decoding=\"async\" class=\"aligncenter size-full wp-image-58470\" src=\"https:\/\/abzturistico.com\/wp-content\/uploads\/2026\/09\/4.-NaturGala.jpeg\" alt=\"\" width=\"1280\" height=\"799\" srcset=\"https:\/\/abzturistico.com\/wp-content\/uploads\/2026\/09\/4.-NaturGala.jpeg 1280w, https:\/\/abzturistico.com\/wp-content\/uploads\/2026\/09\/4.-NaturGala-300x187.jpeg 300w, https:\/\/abzturistico.com\/wp-content\/uploads\/2026\/09\/4.-NaturGala-1024x639.jpeg 1024w, https:\/\/abzturistico.com\/wp-content\/uploads\/2026\/09\/4.-NaturGala-768x479.jpeg 768w, https:\/\/abzturistico.com\/wp-content\/uploads\/2026\/09\/4.-NaturGala-400x250.jpeg 400w, https:\/\/abzturistico.com\/wp-content\/uploads\/2026\/09\/4.-NaturGala-961x600.jpeg 961w\" sizes=\"auto, (max-width: 1280px) 100vw, 1280px\" \/><\/a> <a href=\"https:\/\/abzturistico.com\/wp-content\/uploads\/2026\/09\/3.-NaturGala.jpeg\"><img loading=\"lazy\" decoding=\"async\" class=\"aligncenter size-full wp-image-58469\" src=\"https:\/\/abzturistico.com\/wp-content\/uploads\/2026\/09\/3.-NaturGala.jpeg\" alt=\"\" width=\"1235\" height=\"960\" srcset=\"https:\/\/abzturistico.com\/wp-content\/uploads\/2026\/09\/3.-NaturGala.jpeg 1235w, https:\/\/abzturistico.com\/wp-content\/uploads\/2026\/09\/3.-NaturGala-300x233.jpeg 300w, https:\/\/abzturistico.com\/wp-content\/uploads\/2026\/09\/3.-NaturGala-1024x796.jpeg 1024w, https:\/\/abzturistico.com\/wp-content\/uploads\/2026\/09\/3.-NaturGala-768x597.jpeg 768w, https:\/\/abzturistico.com\/wp-content\/uploads\/2026\/09\/3.-NaturGala-400x311.jpeg 400w, https:\/\/abzturistico.com\/wp-content\/uploads\/2026\/09\/3.-NaturGala-772x600.jpeg 772w\" sizes=\"auto, (max-width: 1235px) 100vw, 1235px\" \/><\/a> <a href=\"https:\/\/abzturistico.com\/wp-content\/uploads\/2026\/09\/DSC_3179.jpeg\"><img loading=\"lazy\" decoding=\"async\" class=\"aligncenter size-full wp-image-58474\" src=\"https:\/\/abzturistico.com\/wp-content\/uploads\/2026\/09\/DSC_3179.jpeg\" alt=\"\" width=\"1280\" height=\"853\" srcset=\"https:\/\/abzturistico.com\/wp-content\/uploads\/2026\/09\/DSC_3179.jpeg 1280w, https:\/\/abzturistico.com\/wp-content\/uploads\/2026\/09\/DSC_3179-300x200.jpeg 300w, https:\/\/abzturistico.com\/wp-content\/uploads\/2026\/09\/DSC_3179-1024x682.jpeg 1024w, https:\/\/abzturistico.com\/wp-content\/uploads\/2026\/09\/DSC_3179-768x512.jpeg 768w, https:\/\/abzturistico.com\/wp-content\/uploads\/2026\/09\/DSC_3179-400x267.jpeg 400w, https:\/\/abzturistico.com\/wp-content\/uploads\/2026\/09\/DSC_3179-900x600.jpeg 900w\" sizes=\"auto, (max-width: 1280px) 100vw, 1280px\" \/><\/a><\/p>\n<h3>24 a\u00f1os que se reconocen con el \u201cLander\u201d<\/h3>\n<p>Durante la gala tambi\u00e9n tuvo lugar uno de los momentos m\u00e1s especiales de la noche: la entrega del \u201cLander\u201d, estatuilla que representa valores como el trabajo, el coraje, la perseverancia y el compromiso, principios que han acompa\u00f1ado a NaturLe\u00f3n y a cada uno de sus invitados de honor a lo largo de estos 24 a\u00f1os.<\/p>\n<p>Alonso Yerena, director general, y Ver\u00f3nica Garc\u00eda, gerente general de NaturLe\u00f3n, fueron los encargados de entregar estos reconocimientos a las agencias de viajes con mayor producci\u00f3n de ventas, as\u00ed como a representantes de diferentes cadenas hoteleras.<\/p>\n<p>Con ello, no solo celebraron sus propios logros, sino tambi\u00e9n a las personas y empresas que han formado parte de este recorrido y que han contribuido a fortalecer sus relaciones dentro de la industria tur\u00edstica.<\/p>\n<p>Cada reconocimiento represent\u00f3 en cierta manera, una historia compartida: a\u00f1os de trabajo, confianza, ventas, viajes y colaboraci\u00f3n que han permitido que NaturLe\u00f3n llegue a este aniversario acompa\u00f1ado de grandes aliados.<\/p>\n<p><a href=\"https:\/\/abzturistico.com\/wp-content\/uploads\/2026\/09\/DSC02736.jpeg\"><img loading=\"lazy\" decoding=\"async\" class=\"aligncenter size-full wp-image-58475\" src=\"https:\/\/abzturistico.com\/wp-content\/uploads\/2026\/09\/DSC02736.jpeg\" alt=\"\" width=\"1280\" height=\"961\" srcset=\"https:\/\/abzturistico.com\/wp-content\/uploads\/2026\/09\/DSC02736.jpeg 1280w, https:\/\/abzturistico.com\/wp-content\/uploads\/2026\/09\/DSC02736-300x225.jpeg 300w, https:\/\/abzturistico.com\/wp-content\/uploads\/2026\/09\/DSC02736-1024x769.jpeg 1024w, https:\/\/abzturistico.com\/wp-content\/uploads\/2026\/09\/DSC02736-768x577.jpeg 768w, https:\/\/abzturistico.com\/wp-content\/uploads\/2026\/09\/DSC02736-400x300.jpeg 400w, https:\/\/abzturistico.com\/wp-content\/uploads\/2026\/09\/DSC02736-799x600.jpeg 799w\" sizes=\"auto, (max-width: 1280px) 100vw, 1280px\" \/><\/a> <a href=\"https:\/\/abzturistico.com\/wp-content\/uploads\/2026\/09\/DSC_2984.jpeg\"><img loading=\"lazy\" decoding=\"async\" class=\"aligncenter size-full wp-image-58473\" src=\"https:\/\/abzturistico.com\/wp-content\/uploads\/2026\/09\/DSC_2984.jpeg\" alt=\"\" width=\"1246\" height=\"960\" srcset=\"https:\/\/abzturistico.com\/wp-content\/uploads\/2026\/09\/DSC_2984.jpeg 1246w, https:\/\/abzturistico.com\/wp-content\/uploads\/2026\/09\/DSC_2984-300x231.jpeg 300w, https:\/\/abzturistico.com\/wp-content\/uploads\/2026\/09\/DSC_2984-1024x789.jpeg 1024w, https:\/\/abzturistico.com\/wp-content\/uploads\/2026\/09\/DSC_2984-768x592.jpeg 768w, https:\/\/abzturistico.com\/wp-content\/uploads\/2026\/09\/DSC_2984-400x308.jpeg 400w, https:\/\/abzturistico.com\/wp-content\/uploads\/2026\/09\/DSC_2984-779x600.jpeg 779w\" sizes=\"auto, (max-width: 1246px) 100vw, 1246px\" \/><\/a> <a href=\"https:\/\/abzturistico.com\/wp-content\/uploads\/2026\/09\/DSC_2641.jpeg\"><img loading=\"lazy\" decoding=\"async\" class=\"aligncenter size-full wp-image-58472\" src=\"https:\/\/abzturistico.com\/wp-content\/uploads\/2026\/09\/DSC_2641.jpeg\" alt=\"\" width=\"1280\" height=\"948\" srcset=\"https:\/\/abzturistico.com\/wp-content\/uploads\/2026\/09\/DSC_2641.jpeg 1280w, https:\/\/abzturistico.com\/wp-content\/uploads\/2026\/09\/DSC_2641-300x222.jpeg 300w, https:\/\/abzturistico.com\/wp-content\/uploads\/2026\/09\/DSC_2641-1024x758.jpeg 1024w, https:\/\/abzturistico.com\/wp-content\/uploads\/2026\/09\/DSC_2641-768x569.jpeg 768w, https:\/\/abzturistico.com\/wp-content\/uploads\/2026\/09\/DSC_2641-400x296.jpeg 400w, https:\/\/abzturistico.com\/wp-content\/uploads\/2026\/09\/DSC_2641-810x600.jpeg 810w\" sizes=\"auto, (max-width: 1280px) 100vw, 1280px\" \/><\/a> <a href=\"https:\/\/abzturistico.com\/wp-content\/uploads\/2026\/09\/DSC_2545.jpeg\"><img loading=\"lazy\" decoding=\"async\" class=\"aligncenter size-full wp-image-58471\" src=\"https:\/\/abzturistico.com\/wp-content\/uploads\/2026\/09\/DSC_2545.jpeg\" alt=\"\" width=\"1166\" height=\"961\" srcset=\"https:\/\/abzturistico.com\/wp-content\/uploads\/2026\/09\/DSC_2545.jpeg 1166w, https:\/\/abzturistico.com\/wp-content\/uploads\/2026\/09\/DSC_2545-300x247.jpeg 300w, https:\/\/abzturistico.com\/wp-content\/uploads\/2026\/09\/DSC_2545-1024x844.jpeg 1024w, https:\/\/abzturistico.com\/wp-content\/uploads\/2026\/09\/DSC_2545-768x633.jpeg 768w, https:\/\/abzturistico.com\/wp-content\/uploads\/2026\/09\/DSC_2545-400x330.jpeg 400w, https:\/\/abzturistico.com\/wp-content\/uploads\/2026\/09\/DSC_2545-728x600.jpeg 728w\" sizes=\"auto, (max-width: 1166px) 100vw, 1166px\" \/><\/a> <a href=\"https:\/\/abzturistico.com\/wp-content\/uploads\/2026\/09\/naturesav.jpeg\"><img loading=\"lazy\" decoding=\"async\" class=\"aligncenter size-full wp-image-58488\" src=\"https:\/\/abzturistico.com\/wp-content\/uploads\/2026\/09\/naturesav.jpeg\" alt=\"\" width=\"935\" height=\"1280\" srcset=\"https:\/\/abzturistico.com\/wp-content\/uploads\/2026\/09\/naturesav.jpeg 935w, https:\/\/abzturistico.com\/wp-content\/uploads\/2026\/09\/naturesav-219x300.jpeg 219w, https:\/\/abzturistico.com\/wp-content\/uploads\/2026\/09\/naturesav-748x1024.jpeg 748w, https:\/\/abzturistico.com\/wp-content\/uploads\/2026\/09\/naturesav-768x1051.jpeg 768w, https:\/\/abzturistico.com\/wp-content\/uploads\/2026\/09\/naturesav-400x548.jpeg 400w, https:\/\/abzturistico.com\/wp-content\/uploads\/2026\/09\/naturesav-438x600.jpeg 438w\" sizes=\"auto, (max-width: 935px) 100vw, 935px\" \/><\/a><\/p>\n<h3>Cuando la gastronom\u00eda se convierte en espect\u00e1culo<\/h3>\n<p>Si algo define a M\u00e9xico es su gastronom\u00eda, y NaturLe\u00f3n decidi\u00f3 llevar este elemento a otro nivel. La cena se transform\u00f3 en un aut\u00e9ntico espect\u00e1culo culinario con la participaci\u00f3n de destacados chefs de hoteles, quienes unieron su experiencia para protagonizar un divertido y creativo \u201cBlind Taste\u201d junto al chef John Bernardo.<\/p>\n<p>En este reto participaron Juan Pablo Vivanco, de Grupo Diestra; Juan Jos\u00e9 Gonz\u00e1lez y Luis Eduardo Arzapalo, de Hoteles Xcaret; Jes\u00fas Villasana, Alfredo Gonz\u00e1lez y Juan Carlos G\u00f3mez, de Grupo Hotelero Santa Fe; Oswaldo Murillo, de Palladium Hotel Group; y Rub\u00e9n Talavera, de RIU Hotels &amp; Resorts.<\/p>\n<p>Con los ojos puestos en el reto y el paladar como principal herramienta, cada platillo se convirti\u00f3 en una oportunidad para poner a prueba conocimientos, intuici\u00f3n y experiencia gastron\u00f3mica.<\/p>\n<p>El resultado fue una din\u00e1mica que arranc\u00f3 sonrisas, gener\u00f3 expectativa entre los invitados y convirti\u00f3 cada tiempo de la cena en una experiencia compartida.<\/p>\n<p><a href=\"https:\/\/abzturistico.com\/wp-content\/uploads\/2026\/09\/MEITU_20260828_204925348.jpeg\"><img loading=\"lazy\" decoding=\"async\" class=\"aligncenter size-full wp-image-58486\" src=\"https:\/\/abzturistico.com\/wp-content\/uploads\/2026\/09\/MEITU_20260828_204925348.jpeg\" alt=\"\" width=\"1280\" height=\"853\" srcset=\"https:\/\/abzturistico.com\/wp-content\/uploads\/2026\/09\/MEITU_20260828_204925348.jpeg 1280w, https:\/\/abzturistico.com\/wp-content\/uploads\/2026\/09\/MEITU_20260828_204925348-300x200.jpeg 300w, https:\/\/abzturistico.com\/wp-content\/uploads\/2026\/09\/MEITU_20260828_204925348-1024x682.jpeg 1024w, https:\/\/abzturistico.com\/wp-content\/uploads\/2026\/09\/MEITU_20260828_204925348-768x512.jpeg 768w, https:\/\/abzturistico.com\/wp-content\/uploads\/2026\/09\/MEITU_20260828_204925348-400x267.jpeg 400w, https:\/\/abzturistico.com\/wp-content\/uploads\/2026\/09\/MEITU_20260828_204925348-900x600.jpeg 900w\" sizes=\"auto, (max-width: 1280px) 100vw, 1280px\" \/><\/a> <a href=\"https:\/\/abzturistico.com\/wp-content\/uploads\/2026\/09\/IMG_9039.jpeg\"><img loading=\"lazy\" decoding=\"async\" class=\"aligncenter size-full wp-image-58484\" src=\"https:\/\/abzturistico.com\/wp-content\/uploads\/2026\/09\/IMG_9039.jpeg\" alt=\"\" width=\"1280\" height=\"873\" srcset=\"https:\/\/abzturistico.com\/wp-content\/uploads\/2026\/09\/IMG_9039.jpeg 1280w, https:\/\/abzturistico.com\/wp-content\/uploads\/2026\/09\/IMG_9039-300x205.jpeg 300w, https:\/\/abzturistico.com\/wp-content\/uploads\/2026\/09\/IMG_9039-1024x698.jpeg 1024w, https:\/\/abzturistico.com\/wp-content\/uploads\/2026\/09\/IMG_9039-768x524.jpeg 768w, https:\/\/abzturistico.com\/wp-content\/uploads\/2026\/09\/IMG_9039-320x218.jpeg 320w, https:\/\/abzturistico.com\/wp-content\/uploads\/2026\/09\/IMG_9039-160x110.jpeg 160w, https:\/\/abzturistico.com\/wp-content\/uploads\/2026\/09\/IMG_9039-400x273.jpeg 400w, https:\/\/abzturistico.com\/wp-content\/uploads\/2026\/09\/IMG_9039-880x600.jpeg 880w\" sizes=\"auto, (max-width: 1280px) 100vw, 1280px\" \/><\/a> <a href=\"https:\/\/abzturistico.com\/wp-content\/uploads\/2026\/09\/IMG_9047.jpeg\"><img loading=\"lazy\" decoding=\"async\" class=\"aligncenter size-full wp-image-58485\" src=\"https:\/\/abzturistico.com\/wp-content\/uploads\/2026\/09\/IMG_9047.jpeg\" alt=\"\" width=\"1060\" height=\"960\" srcset=\"https:\/\/abzturistico.com\/wp-content\/uploads\/2026\/09\/IMG_9047.jpeg 1060w, https:\/\/abzturistico.com\/wp-content\/uploads\/2026\/09\/IMG_9047-300x272.jpeg 300w, https:\/\/abzturistico.com\/wp-content\/uploads\/2026\/09\/IMG_9047-1024x927.jpeg 1024w, https:\/\/abzturistico.com\/wp-content\/uploads\/2026\/09\/IMG_9047-768x696.jpeg 768w, https:\/\/abzturistico.com\/wp-content\/uploads\/2026\/09\/IMG_9047-400x362.jpeg 400w, https:\/\/abzturistico.com\/wp-content\/uploads\/2026\/09\/IMG_9047-663x600.jpeg 663w\" sizes=\"auto, (max-width: 1060px) 100vw, 1060px\" \/><\/a> <a href=\"https:\/\/abzturistico.com\/wp-content\/uploads\/2026\/09\/DSC03047.jpeg\"><img loading=\"lazy\" decoding=\"async\" class=\"aligncenter size-full wp-image-58476\" src=\"https:\/\/abzturistico.com\/wp-content\/uploads\/2026\/09\/DSC03047.jpeg\" alt=\"\" width=\"853\" height=\"1280\" srcset=\"https:\/\/abzturistico.com\/wp-content\/uploads\/2026\/09\/DSC03047.jpeg 853w, https:\/\/abzturistico.com\/wp-content\/uploads\/2026\/09\/DSC03047-200x300.jpeg 200w, https:\/\/abzturistico.com\/wp-content\/uploads\/2026\/09\/DSC03047-682x1024.jpeg 682w, https:\/\/abzturistico.com\/wp-content\/uploads\/2026\/09\/DSC03047-768x1152.jpeg 768w, https:\/\/abzturistico.com\/wp-content\/uploads\/2026\/09\/DSC03047-400x600.jpeg 400w\" sizes=\"auto, (max-width: 853px) 100vw, 853px\" \/><\/a> <a href=\"https:\/\/abzturistico.com\/wp-content\/uploads\/2026\/09\/MEITU_20260830_091345777.jpeg\"><img loading=\"lazy\" decoding=\"async\" class=\"aligncenter size-full wp-image-58487\" src=\"https:\/\/abzturistico.com\/wp-content\/uploads\/2026\/09\/MEITU_20260830_091345777.jpeg\" alt=\"\" width=\"1280\" height=\"853\" srcset=\"https:\/\/abzturistico.com\/wp-content\/uploads\/2026\/09\/MEITU_20260830_091345777.jpeg 1280w, https:\/\/abzturistico.com\/wp-content\/uploads\/2026\/09\/MEITU_20260830_091345777-300x200.jpeg 300w, https:\/\/abzturistico.com\/wp-content\/uploads\/2026\/09\/MEITU_20260830_091345777-1024x682.jpeg 1024w, https:\/\/abzturistico.com\/wp-content\/uploads\/2026\/09\/MEITU_20260830_091345777-768x512.jpeg 768w, https:\/\/abzturistico.com\/wp-content\/uploads\/2026\/09\/MEITU_20260830_091345777-400x267.jpeg 400w, https:\/\/abzturistico.com\/wp-content\/uploads\/2026\/09\/MEITU_20260830_091345777-900x600.jpeg 900w\" sizes=\"auto, (max-width: 1280px) 100vw, 1280px\" \/><\/a><\/p>\n<h3>Del folclor a la pista<\/h3>\n<p>Y como en toda gran celebraci\u00f3n mexicana, despu\u00e9s de la cena lleg\u00f3 el momento de levantarse de la mesa.<\/p>\n<p>Un baile folcl\u00f3rico llen\u00f3 el espacio de m\u00fasica, movimiento y color, llevando a los invitados por una representaci\u00f3n de las tradiciones que hacen de M\u00e9xico un pa\u00eds tan diverso y vibrante.<\/p>\n<p>Pero la noche todav\u00eda ten\u00eda mucho por ofrecer. Conforme avanzaron las horas, el ambiente cambi\u00f3 de ritmo y la celebraci\u00f3n tom\u00f3 un giro m\u00e1s festivo.<\/p>\n<p>Luchadores, m\u00fasica y hasta un minibar se apoderaron de la pista para darle un toque inesperado a la gala y convertirla en una noche de convivencia, diversi\u00f3n y muchas emociones.<\/p>\n<p>Entre risas, baile y encuentros entre colegas y amigos, la celebraci\u00f3n dej\u00f3 de ser \u00fanicamente un aniversario para convertirse en una experiencia que todos pudieron disfrutar y compartir.<\/p>\n<p><a href=\"https:\/\/abzturistico.com\/wp-content\/uploads\/2026\/09\/IMG_9017.jpeg\"><img loading=\"lazy\" decoding=\"async\" class=\"aligncenter size-full wp-image-58483\" src=\"https:\/\/abzturistico.com\/wp-content\/uploads\/2026\/09\/IMG_9017.jpeg\" alt=\"\" width=\"1280\" height=\"768\" srcset=\"https:\/\/abzturistico.com\/wp-content\/uploads\/2026\/09\/IMG_9017.jpeg 1280w, https:\/\/abzturistico.com\/wp-content\/uploads\/2026\/09\/IMG_9017-300x180.jpeg 300w, https:\/\/abzturistico.com\/wp-content\/uploads\/2026\/09\/IMG_9017-1024x614.jpeg 1024w, https:\/\/abzturistico.com\/wp-content\/uploads\/2026\/09\/IMG_9017-768x461.jpeg 768w, https:\/\/abzturistico.com\/wp-content\/uploads\/2026\/09\/IMG_9017-400x240.jpeg 400w, https:\/\/abzturistico.com\/wp-content\/uploads\/2026\/09\/IMG_9017-1000x600.jpeg 1000w\" sizes=\"auto, (max-width: 1280px) 100vw, 1280px\" \/><\/a> <a href=\"https:\/\/abzturistico.com\/wp-content\/uploads\/2026\/09\/DSC03143.jpeg\"><img loading=\"lazy\" decoding=\"async\" class=\"aligncenter size-full wp-image-58477\" src=\"https:\/\/abzturistico.com\/wp-content\/uploads\/2026\/09\/DSC03143.jpeg\" alt=\"\" width=\"1102\" height=\"961\" srcset=\"https:\/\/abzturistico.com\/wp-content\/uploads\/2026\/09\/DSC03143.jpeg 1102w, https:\/\/abzturistico.com\/wp-content\/uploads\/2026\/09\/DSC03143-300x262.jpeg 300w, https:\/\/abzturistico.com\/wp-content\/uploads\/2026\/09\/DSC03143-1024x893.jpeg 1024w, https:\/\/abzturistico.com\/wp-content\/uploads\/2026\/09\/DSC03143-768x670.jpeg 768w, https:\/\/abzturistico.com\/wp-content\/uploads\/2026\/09\/DSC03143-400x349.jpeg 400w, https:\/\/abzturistico.com\/wp-content\/uploads\/2026\/09\/DSC03143-688x600.jpeg 688w\" sizes=\"auto, (max-width: 1102px) 100vw, 1102px\" \/><\/a> <a href=\"https:\/\/abzturistico.com\/wp-content\/uploads\/2026\/09\/IMG_8969.jpeg\"><img loading=\"lazy\" decoding=\"async\" class=\"aligncenter size-full wp-image-58482\" src=\"https:\/\/abzturistico.com\/wp-content\/uploads\/2026\/09\/IMG_8969.jpeg\" alt=\"\" width=\"1280\" height=\"838\" srcset=\"https:\/\/abzturistico.com\/wp-content\/uploads\/2026\/09\/IMG_8969.jpeg 1280w, https:\/\/abzturistico.com\/wp-content\/uploads\/2026\/09\/IMG_8969-300x196.jpeg 300w, https:\/\/abzturistico.com\/wp-content\/uploads\/2026\/09\/IMG_8969-1024x670.jpeg 1024w, https:\/\/abzturistico.com\/wp-content\/uploads\/2026\/09\/IMG_8969-768x503.jpeg 768w, https:\/\/abzturistico.com\/wp-content\/uploads\/2026\/09\/IMG_8969-400x262.jpeg 400w, https:\/\/abzturistico.com\/wp-content\/uploads\/2026\/09\/IMG_8969-916x600.jpeg 916w\" sizes=\"auto, (max-width: 1280px) 100vw, 1280px\" \/><\/a> <a href=\"https:\/\/abzturistico.com\/wp-content\/uploads\/2026\/09\/DSC03173.jpeg\"><img loading=\"lazy\" decoding=\"async\" class=\"aligncenter wp-image-58479 size-full\" src=\"https:\/\/abzturistico.com\/wp-content\/uploads\/2026\/09\/DSC03173-e1788383853604.jpeg\" alt=\"\" width=\"853\" height=\"1218\" srcset=\"https:\/\/abzturistico.com\/wp-content\/uploads\/2026\/09\/DSC03173-e1788383853604.jpeg 853w, https:\/\/abzturistico.com\/wp-content\/uploads\/2026\/09\/DSC03173-e1788383853604-210x300.jpeg 210w, https:\/\/abzturistico.com\/wp-content\/uploads\/2026\/09\/DSC03173-e1788383853604-717x1024.jpeg 717w, https:\/\/abzturistico.com\/wp-content\/uploads\/2026\/09\/DSC03173-e1788383853604-768x1097.jpeg 768w, https:\/\/abzturistico.com\/wp-content\/uploads\/2026\/09\/DSC03173-e1788383853604-400x571.jpeg 400w, https:\/\/abzturistico.com\/wp-content\/uploads\/2026\/09\/DSC03173-e1788383853604-420x600.jpeg 420w\" sizes=\"auto, (max-width: 853px) 100vw, 853px\" \/><\/a><\/p>\n<h3>La traves\u00eda contin\u00faa<\/h3>\n<p>Llegar a 24 a\u00f1os dentro de una industria tan din\u00e1mica como el turismo representa mucho m\u00e1s que una cifra. Son miles de viajeros, relaciones comerciales, destinos, experiencias y personas que han formado parte de una historia construida a lo largo del tiempo.<\/p>\n<p>Por eso, la Gala NaturLe\u00f3n 2026 fue tambi\u00e9n un homenaje a quienes han acompa\u00f1ado al operador durante este recorrido: las agencias de viajes, los hoteleros, los socios comerciales, los colaboradores y todos aquellos que han contribuido a que el proyecto siga creciendo.<\/p>\n<p>Porque la historia de NaturLe\u00f3n, despu\u00e9s de 24 a\u00f1os, se sigue escribiendo alrededor de una mesa, entre amigos, con grandes aliados y, por supuesto, con mucho sabor a M\u00e9xico.<\/p>\n<p><a href=\"https:\/\/abzturistico.com\/wp-content\/uploads\/2026\/09\/DSC03159.jpeg\"><img loading=\"lazy\" decoding=\"async\" class=\"aligncenter size-full wp-image-58478\" src=\"https:\/\/abzturistico.com\/wp-content\/uploads\/2026\/09\/DSC03159.jpeg\" alt=\"\" width=\"960\" height=\"1012\" srcset=\"https:\/\/abzturistico.com\/wp-content\/uploads\/2026\/09\/DSC03159.jpeg 960w, https:\/\/abzturistico.com\/wp-content\/uploads\/2026\/09\/DSC03159-285x300.jpeg 285w, https:\/\/abzturistico.com\/wp-content\/uploads\/2026\/09\/DSC03159-768x810.jpeg 768w, https:\/\/abzturistico.com\/wp-content\/uploads\/2026\/09\/DSC03159-400x422.jpeg 400w, https:\/\/abzturistico.com\/wp-content\/uploads\/2026\/09\/DSC03159-569x600.jpeg 569w\" sizes=\"auto, (max-width: 960px) 100vw, 960px\" \/><\/a> <a href=\"https:\/\/abzturistico.com\/wp-content\/uploads\/2026\/09\/IMG_8967.jpeg\"><img loading=\"lazy\" decoding=\"async\" class=\"aligncenter size-full wp-image-58481\" src=\"https:\/\/abzturistico.com\/wp-content\/uploads\/2026\/09\/IMG_8967.jpeg\" alt=\"\" width=\"1280\" height=\"853\" srcset=\"https:\/\/abzturistico.com\/wp-content\/uploads\/2026\/09\/IMG_8967.jpeg 1280w, https:\/\/abzturistico.com\/wp-content\/uploads\/2026\/09\/IMG_8967-300x200.jpeg 300w, https:\/\/abzturistico.com\/wp-content\/uploads\/2026\/09\/IMG_8967-1024x682.jpeg 1024w, https:\/\/abzturistico.com\/wp-content\/uploads\/2026\/09\/IMG_8967-768x512.jpeg 768w, https:\/\/abzturistico.com\/wp-content\/uploads\/2026\/09\/IMG_8967-400x267.jpeg 400w, https:\/\/abzturistico.com\/wp-content\/uploads\/2026\/09\/IMG_8967-900x600.jpeg 900w\" sizes=\"auto, (max-width: 1280px) 100vw, 1280px\" \/><\/a> <a href=\"https:\/\/abzturistico.com\/wp-content\/uploads\/2026\/09\/final.jpeg\"><img loading=\"lazy\" decoding=\"async\" class=\"aligncenter size-full wp-image-58480\" src=\"https:\/\/abzturistico.com\/wp-content\/uploads\/2026\/09\/final.jpeg\" alt=\"\" width=\"1280\" height=\"839\" srcset=\"https:\/\/abzturistico.com\/wp-content\/uploads\/2026\/09\/final.jpeg 1280w, https:\/\/abzturistico.com\/wp-content\/uploads\/2026\/09\/final-300x197.jpeg 300w, https:\/\/abzturistico.com\/wp-content\/uploads\/2026\/09\/final-1024x671.jpeg 1024w, https:\/\/abzturistico.com\/wp-content\/uploads\/2026\/09\/final-768x503.jpeg 768w, https:\/\/abzturistico.com\/wp-content\/uploads\/2026\/09\/final-400x262.jpeg 400w, https:\/\/abzturistico.com\/wp-content\/uploads\/2026\/09\/final-915x600.jpeg 915w\" sizes=\"auto, (max-width: 1280px) 100vw, 1280px\" \/><\/a><\/p>\n","protected":false},"excerpt":{"rendered":"<p>Hay celebraciones que se convierten en una experiencia para recordar, como la Gala NaturLe\u00f3n 2026, en la que el equipo del operador reuni\u00f3 a sus agencias de viajes, socios comerciales, familia y amigos para celebrar su 24 aniversario con una velada que tuvo como protagonista a M\u00e9xico. Bajo el concepto \u201cMexican\u00edsimo\u201d, cada detalle de la noche rindi\u00f3 homenaje a la identidad de nuestro pa\u00eds. Desde la ambientaci\u00f3n hasta la gastronom\u00eda, pasando por la m\u00fasica, el arte y las tradiciones, NaturLe\u00f3n convirti\u00f3 su aniversario en un aut\u00e9ntico recorrido por la riqueza cultural de M\u00e9xico. Una fiesta que comenz\u00f3 desde la mesa [&hellip;]<\/p>\n","protected":false},"author":7,"featured_media":58468,"comment_status":"open","ping_status":"open","sticky":false,"template":"","format":"standard","meta":{"footnotes":""},"categories":[576,12,247],"tags":[],"class_list":["post-58467","post","type-post","status-publish","format-standard","has-post-thumbnail","hentry","category-app","category-clic","category-secciones"],"_links":{"self":[{"href":"https:\/\/abzturistico.com\/index.php?rest_route=\/wp\/v2\/posts\/58467","targetHints":{"allow":["GET"]}}],"collection":[{"href":"https:\/\/abzturistico.com\/index.php?rest_route=\/wp\/v2\/posts"}],"about":[{"href":"https:\/\/abzturistico.com\/index.php?rest_route=\/wp\/v2\/types\/post"}],"author":[{"embeddable":true,"href":"https:\/\/abzturistico.com\/index.php?rest_route=\/wp\/v2\/users\/7"}],"replies":[{"embeddable":true,"href":"https:\/\/abzturistico.com\/index.php?rest_route=%2Fwp%2Fv2%2Fcomments&post=58467"}],"version-history":[{"count":1,"href":"https:\/\/abzturistico.com\/index.php?rest_route=\/wp\/v2\/posts\/58467\/revisions"}],"predecessor-version":[{"id":58489,"href":"https:\/\/abzturistico.com\/index.php?rest_route=\/wp\/v2\/posts\/58467\/revisions\/58489"}],"wp:featuredmedia":[{"embeddable":true,"href":"https:\/\/abzturistico.com\/index.php?rest_route=\/wp\/v2\/media\/58468"}],"wp:attachment":[{"href":"https:\/\/abzturistico.com\/index.php?rest_route=%2Fwp%2Fv2%2Fmedia&parent=58467"}],"wp:term":[{"taxonomy":"category","embeddable":true,"href":"https:\/\/abzturistico.com\/index.php?rest_route=%2Fwp%2Fv2%2Fcategories&post=58467"},{"taxonomy":"post_tag","embeddable":true,"href":"https:\/\/abzturistico.com\/index.php?rest_route=%2Fwp%2Fv2%2Ftags&post=58467"}],"curies":[{"name":"wp","href":"https:\/\/api.w.org\/{rel}","templated":true}]}}