{"id":58461,"date":"2026-09-02T14:27:03","date_gmt":"2026-09-02T20:27:03","guid":{"rendered":"https:\/\/abzturistico.com\/?p=58461"},"modified":"2026-09-02T14:27:03","modified_gmt":"2026-09-02T20:27:03","slug":"carta-del-director-318","status":"publish","type":"post","link":"https:\/\/abzturistico.com\/?p=58461","title":{"rendered":"Carta del Director 318"},"content":{"rendered":"<p>Si me preguntaran qu\u00e9 es lo que m\u00e1s me gusta de M\u00e9xico, no sabr\u00eda elegir una sola cosa.<\/p>\n<p>\u00bfC\u00f3mo escoger entre nuestros sabores, nuestros colores, nuestra m\u00fasica, nuestras tradiciones, nuestros paisajes o esa forma tan particular que tenemos los mexicanos de hacer sentir a alguien bienvenido? \u00bfC\u00f3mo resumir en unas cuantas palabras un pa\u00eds que cambia por completo cada vez que recorremos unos cuantos kil\u00f3metros?<\/p>\n<p>Septiembre siempre me despierta ese orgullo. Amo ser mexicana, amo nuestras ra\u00edces y amo pertenecer a un pa\u00eds que tiene tant\u00edsimo que mostrarle al mundo.<\/p>\n<p>Pero antes de seguir hablando de todo eso que me encanta de M\u00e9xico, necesito volver unos d\u00edas atr\u00e1s, porque agosto nos dej\u00f3 uno de los momentos m\u00e1s importantes del a\u00f1o para nosotros en ABZ.<\/p>\n<p>Nuestra 4\u00aa Carrera Jes\u00fas Romero lleg\u00f3 con much\u00edsimas emociones, aprendizajes y enormes satisfacciones.<\/p>\n<p>Este a\u00f1o quisimos crecer, incorporar cosas nuevas y llevar la experiencia un paso m\u00e1s all\u00e1. Una de las novedades que m\u00e1s ilusi\u00f3n nos hac\u00eda era nuestro primer Expo Run Fest y qu\u00e9 bonito fue ver la incre\u00edble respuesta que tuvo. Los stands, nuestros patrocinadores, la m\u00fasica, los corredores llegando por sus kits, la emoci\u00f3n y el ambiente que se gener\u00f3 toda la tarde hicieron que algo que durante meses existi\u00f3 solamente en nuestra cabeza finalmente cobrara vida.<\/p>\n<p>Y al d\u00eda siguiente lleg\u00f3 la carrera. Meses enteros de trabajo concentrados en unas cuantas horas, much\u00edsimos detalles sucediendo al mismo tiempo y esa mezcla extra\u00f1a de cansancio, nervios y felicidad que acompa\u00f1a a los proyectos que significan tanto para nosotros.<\/p>\n<p>Pero hay algo que este a\u00f1o me emociona especialmente compartir.<\/p>\n<p>En nuestra primera edici\u00f3n logramos recaudar $28 mil pesos. Un a\u00f1o despu\u00e9s fueron $107 mil. En la tercera llegamos a $218 mil y este 2026 alcanzamos $363 mil pesos. Cuatro carreras. $716 mil pesos recaudados.<\/p>\n<p>Ver esos n\u00fameros juntos me impresiona. Porque permiten dimensionar algo que en medio de las prisas, la organizaci\u00f3n y todo lo que implica sacar adelante cada edici\u00f3n a veces no alcanzamos a ver: cu\u00e1nto hemos crecido y cu\u00e1nto podemos conseguir cuando muchas personas decidimos sumarnos a una misma causa. Y precisamente por eso necesito detenerme en quienes est\u00e1n detr\u00e1s de todo esto: mi equipo.<\/p>\n<p>No s\u00e9 si alguna vez podr\u00e9 agradecerles realmente todo lo que hacen. Porque detr\u00e1s de cada cosa que ustedes ven hay much\u00edsimo que no se ve. Hay d\u00edas largu\u00edsimos, cansancio, presi\u00f3n, carreras de un lado a otro, llamadas, pendientes, cambios de \u00faltimo minuto, cosas que salen como imagin\u00e1bamos y otras que se salen de control y nos obligan a reaccionar y resolver. Hay manos cargando cajas, personas contestando mensajes a todas horas, revisando listas una y otra vez y un equipo entero poniendo much\u00edsimo m\u00e1s que simplemente horas de trabajo.<\/p>\n<p>Hay coraz\u00f3n. Y eso, para m\u00ed, vale much\u00edsimo.<\/p>\n<p>Gracias por hacer suyo cada proyecto, por acompa\u00f1arme en mis ideas (incluso cuando significan m\u00e1s trabajo para todos), por esforzarse, por resolver, por no soltar y por dar tanto de ustedes para que las cosas sucedan. S\u00e9 el cansancio que hubo detr\u00e1s de esta edici\u00f3n. S\u00e9 cu\u00e1nto trabajaron y cu\u00e1nto dejaron de lado durante esos \u00faltimos d\u00edas para que pudi\u00e9ramos llegar hasta aqu\u00ed. Muchas veces quienes est\u00e1n detr\u00e1s no aparecen en las fotograf\u00edas ni reciben los aplausos, pero yo los veo. S\u00e9 perfectamente lo que hizo cada uno y quiero que sepan que una parte enorme de lo que hoy celebramos les pertenece.<\/p>\n<p>Gracias, de verdad, por tanto.<\/p>\n<p>Y gracias tambi\u00e9n a nuestros patrocinadores, corredores, voluntarios, proveedores y a cada persona que confi\u00f3, particip\u00f3 y decidi\u00f3 sumarse a esta cuarta edici\u00f3n. Esos $363 mil pesos no son \u00fanicamente una cifra: son el resultado de much\u00edsimas personas aportando desde lugares distintos para conseguir algo juntos. Cerramos agosto cansados, s\u00ed, pero tambi\u00e9n felices, agradecidos y con much\u00edsimos aprendizajes para seguir creciendo.<\/p>\n<p>Y vuelvo entonces a donde comenzaron estas l\u00edneas: M\u00e9xico.<\/p>\n<p>Porque adem\u00e1s de amar nuestras ra\u00edces, nuestra cultura, nuestra gastronom\u00eda, nuestros colores y nuestras tradiciones, dedicarme al turismo me ha permitido conocer a nuestro pa\u00eds desde un lugar que considero un verdadero privilegio. He podido recorrerlo, descubrir lugares que no imaginaba, conocer sus historias y encontrarme una y otra vez con algo que me fascina de M\u00e9xico: nunca se termina.<\/p>\n<p>Siempre existe otro rinc\u00f3n por conocer, otro platillo por probar, una historia por escuchar, una tradici\u00f3n por descubrir, un artesano cuyo trabajo nos sorprende o un paisaje que nos recuerda la enorme fortuna de tener un pa\u00eds tan diverso. Podemos recorrer unos cuantos kil\u00f3metros y encontrarnos con otros sabores, otros acentos, otras costumbres y escenarios completamente distintos. Y detr\u00e1s de cada destino est\u00e1n tambi\u00e9n quienes lo muestran, lo promueven, reciben a sus visitantes y trabajan todos los d\u00edas para que otras personas puedan enamorarse de \u00e9l.<\/p>\n<p>Quiz\u00e1 por eso septiembre me gusta tanto. Porque nos da un pretexto para detenernos un poquito y celebrar todo aquello que durante el resto del a\u00f1o tenemos frente a nosotros y que a veces olvidamos mirar con detenimiento.<\/p>\n<p>Yo, por mi parte, nunca me cansar\u00e9 de presumirlo.<\/p>\n<p>Sus destinos, su gente, su cultura, sus sabores, sus paisajes y todo eso que hace que, aun siendo tan diferentes de un lugar a otro, compartamos el enorme orgullo de decir: somos mexicanos.<\/p>\n<p>Despu\u00e9s de un agosto que nos dej\u00f3 tanto, recibimos septiembre celebrando lo conseguido, agradeciendo a quienes lo hicieron posible y celebrando tambi\u00e9n este pa\u00eds que tanto queremos.<\/p>\n<p>\u00a1Que viva M\u00e9xico!<\/p>\n<p style=\"text-align: right;\">Fabiola Campos<br \/>\n<em>Directora General<\/em><br \/>\n<strong>ABZ Tur\u00edstico<\/strong><\/p>\n","protected":false},"excerpt":{"rendered":"<p>Si me preguntaran qu\u00e9 es lo que m\u00e1s me gusta de M\u00e9xico, no sabr\u00eda elegir una sola cosa. \u00bfC\u00f3mo escoger entre nuestros sabores, nuestros colores, nuestra m\u00fasica, nuestras tradiciones, nuestros paisajes o esa forma tan particular que tenemos los mexicanos de hacer sentir a alguien bienvenido? \u00bfC\u00f3mo resumir en unas cuantas palabras un pa\u00eds que cambia por completo cada vez que recorremos unos cuantos kil\u00f3metros? Septiembre siempre me despierta ese orgullo. Amo ser mexicana, amo nuestras ra\u00edces y amo pertenecer a un pa\u00eds que tiene tant\u00edsimo que mostrarle al mundo. Pero antes de seguir hablando de todo eso que me [&hellip;]<\/p>\n","protected":false},"author":7,"featured_media":48497,"comment_status":"open","ping_status":"open","sticky":false,"template":"","format":"standard","meta":{"footnotes":""},"categories":[576,129,247],"tags":[],"class_list":["post-58461","post","type-post","status-publish","format-standard","has-post-thumbnail","hentry","category-app","category-carta-del-director","category-secciones"],"_links":{"self":[{"href":"https:\/\/abzturistico.com\/index.php?rest_route=\/wp\/v2\/posts\/58461","targetHints":{"allow":["GET"]}}],"collection":[{"href":"https:\/\/abzturistico.com\/index.php?rest_route=\/wp\/v2\/posts"}],"about":[{"href":"https:\/\/abzturistico.com\/index.php?rest_route=\/wp\/v2\/types\/post"}],"author":[{"embeddable":true,"href":"https:\/\/abzturistico.com\/index.php?rest_route=\/wp\/v2\/users\/7"}],"replies":[{"embeddable":true,"href":"https:\/\/abzturistico.com\/index.php?rest_route=%2Fwp%2Fv2%2Fcomments&post=58461"}],"version-history":[{"count":1,"href":"https:\/\/abzturistico.com\/index.php?rest_route=\/wp\/v2\/posts\/58461\/revisions"}],"predecessor-version":[{"id":58462,"href":"https:\/\/abzturistico.com\/index.php?rest_route=\/wp\/v2\/posts\/58461\/revisions\/58462"}],"wp:featuredmedia":[{"embeddable":true,"href":"https:\/\/abzturistico.com\/index.php?rest_route=\/wp\/v2\/media\/48497"}],"wp:attachment":[{"href":"https:\/\/abzturistico.com\/index.php?rest_route=%2Fwp%2Fv2%2Fmedia&parent=58461"}],"wp:term":[{"taxonomy":"category","embeddable":true,"href":"https:\/\/abzturistico.com\/index.php?rest_route=%2Fwp%2Fv2%2Fcategories&post=58461"},{"taxonomy":"post_tag","embeddable":true,"href":"https:\/\/abzturistico.com\/index.php?rest_route=%2Fwp%2Fv2%2Ftags&post=58461"}],"curies":[{"name":"wp","href":"https:\/\/api.w.org\/{rel}","templated":true}]}}