{"id":57630,"date":"2026-05-01T18:02:14","date_gmt":"2026-05-02T00:02:14","guid":{"rendered":"https:\/\/abzturistico.com\/?p=57630"},"modified":"2026-05-01T18:02:14","modified_gmt":"2026-05-02T00:02:14","slug":"sierra-madre-guadalajara-liderazgo-que-nace-de-la-experiencia-y-la-vocacion","status":"publish","type":"post","link":"https:\/\/abzturistico.com\/?p=57630","title":{"rendered":"Sierra Madre Guadalajara: liderazgo que nace de la experiencia y la vocaci\u00f3n"},"content":{"rendered":"<p>En la operaci\u00f3n diaria de Sierra Madre Guadalajara hay algo que va m\u00e1s all\u00e1 de cifras y estrategias: una din\u00e1mica construida desde la cercan\u00eda, el aprendizaje constante y el ejemplo. Al frente est\u00e1 Mar\u00eda In\u00e9s Ramos Gar\u00edn, gerente regional de Occidente, cuya historia en el turismo comenz\u00f3 sin planearlo.<\/p>\n<p><em>\u201cSiempre digo lo mismo: no s\u00e9 por qu\u00e9 dije <\/em><em>que s\u00ed\u2026 pero le dije que s\u00ed. Y aqu\u00ed sigo\u201d.<\/em><\/p>\n<h3>UN INICIO INESPERADO<\/h3>\n<p>Con formaci\u00f3n en m\u00fasica, el turismo no figuraba en su camino. Sin embargo, en 2012 lleg\u00f3 a Gar\u00edn Mayorista, donde comenz\u00f3 desde cero en distintas \u00e1reas. \u201c<em>Si me hubieras preguntado en ese momento, te hubiera dicho que no era para m\u00ed<\/em>\u201d, recuerda Mar\u00ednez, como muchos la conocen. Ese inicio le permiti\u00f3 entender el negocio de forma integral.<\/p>\n<h3>APRENDER A QUEDARSE<\/h3>\n<p>El proceso no fue sencillo. La exigencia personal y la inexperiencia la llevaron a dudar. \u201c<em>Hubo un momento en el que quise salirme\u2026 me frustraba mucho<\/em>\u201d. Con el acompa\u00f1amiento, entendi\u00f3 que equivocarse tambi\u00e9n es parte del crecimiento. \u201c<em>Despu\u00e9s de un a\u00f1o fue cuando <\/em><em>dije:<\/em> \u2018<em>s\u00ed, esto es lo m\u00edo\u2019<\/em>\u201d.<\/p>\n<h3>UNA EVOLUCI\u00d3N CONSTANTE<\/h3>\n<p>Con la transformaci\u00f3n hacia Sierra Madre Operadora, su desarrollo la llev\u00f3 al \u00e1rea comercial y posteriormente a la gesti\u00f3n de equipos. Desde junio del a\u00f1o pasado lidera la regi\u00f3n Occidente. \u201c<em>Crear negocios es importante, pero lo m\u00e1s valioso es el equipo<\/em>\u201d.<\/p>\n<h3>LIDERAR DESDE EL EJEMPLO<\/h3>\n<p>Para Mar\u00ednez, el liderazgo se construye con coherencia. \u201c<em>Si t\u00fa no das el ejemplo, puedes <\/em><em>decir mil cosas, pero no va a pasar nada<\/em>\u201d. Su enfoque est\u00e1 en formar profesionales preparados en un entorno cada vez m\u00e1s exigente.<\/p>\n<p><a href=\"https:\/\/abzturistico.com\/wp-content\/uploads\/2026\/05\/marinez.jpg\"><img loading=\"lazy\" decoding=\"async\" class=\"aligncenter size-full wp-image-57631\" src=\"https:\/\/abzturistico.com\/wp-content\/uploads\/2026\/05\/marinez.jpg\" alt=\"\" width=\"482\" height=\"804\" srcset=\"https:\/\/abzturistico.com\/wp-content\/uploads\/2026\/05\/marinez.jpg 482w, https:\/\/abzturistico.com\/wp-content\/uploads\/2026\/05\/marinez-180x300.jpg 180w, https:\/\/abzturistico.com\/wp-content\/uploads\/2026\/05\/marinez-400x667.jpg 400w, https:\/\/abzturistico.com\/wp-content\/uploads\/2026\/05\/marinez-360x600.jpg 360w\" sizes=\"auto, (max-width: 482px) 100vw, 482px\" \/><\/a><\/p>\n<h2 style=\"text-align: center;\">EL VALOR DE UN EQUIPO S\u00d3LIDO<\/h2>\n<p>La oficina de Guadalajara refleja esa visi\u00f3n. Integrada por un equipo multidisciplinario, cada \u00e1rea contribuye al funcionamiento integral de la operaci\u00f3n:<\/p>\n<p><strong>MAR\u00cdA IN\u00c9S RAMOS GAR\u00cdN,<\/strong><br \/>\ngerente regional de Occidente<br \/>\n<strong>EVA ARACELI P\u00c9REZ MOR\u00c1<\/strong>,<br \/>\nventas<br \/>\n<strong>Anah\u00ed Flores,<\/strong><br \/>\noperaciones nacionales<br \/>\n<strong>ALONDRA PARRA,<\/strong><br \/>\nejecutiva de operaciones internacionales<br \/>\n<strong>JUAN PABLO BELTR\u00c1N,<\/strong><br \/>\nmarketing y dise\u00f1o<br \/>\n<strong>ADRI\u00c1N CERVANTES,<\/strong><br \/>\nsupervisor comercial<br \/>\n<strong>ALBERTO L\u00d3PEZ,<\/strong><br \/>\nejecutivo comercial<br \/>\n<strong>ALBERTO ESPINOZA,<\/strong><br \/>\n\u00e1rea nacional y Click y Reserva<\/p>\n<p>M\u00e1s all\u00e1 de la estructura, lo que distingue al equipo es su din\u00e1mica interna.<\/p>\n<p><em>\u201cYo siempre digo que ellos son lo m\u00e1s importante. <\/em><em>Si no tengo un buen equipo, no hay <\/em><em>nada. Realmente no tengo problemas graves\u2026 <\/em><em>y eso es gracias a ellos\u201d.<\/em><\/p>\n<p>El ambiente de trabajo, basado en el respeto y la cercan\u00eda, se traduce en una operaci\u00f3n m\u00e1s eficiente y en una mejor relaci\u00f3n con sus clientes.<\/p>\n<p><a href=\"https:\/\/abzturistico.com\/wp-content\/uploads\/2026\/05\/sierras.jpg\"><img loading=\"lazy\" decoding=\"async\" class=\"aligncenter size-full wp-image-57632\" src=\"https:\/\/abzturistico.com\/wp-content\/uploads\/2026\/05\/sierras.jpg\" alt=\"\" width=\"1109\" height=\"726\" srcset=\"https:\/\/abzturistico.com\/wp-content\/uploads\/2026\/05\/sierras.jpg 1109w, https:\/\/abzturistico.com\/wp-content\/uploads\/2026\/05\/sierras-300x196.jpg 300w, https:\/\/abzturistico.com\/wp-content\/uploads\/2026\/05\/sierras-1024x670.jpg 1024w, https:\/\/abzturistico.com\/wp-content\/uploads\/2026\/05\/sierras-768x503.jpg 768w, https:\/\/abzturistico.com\/wp-content\/uploads\/2026\/05\/sierras-400x262.jpg 400w, https:\/\/abzturistico.com\/wp-content\/uploads\/2026\/05\/sierras-917x600.jpg 917w\" sizes=\"auto, (max-width: 1109px) 100vw, 1109px\" \/><\/a><\/p>\n<h3>CONSTRUIR RELACIONES, NO SOLO VENTAS<\/h3>\n<p>Para Sierra Madre, las agencias de viajes no son \u00fanicamente clientes, sino aliados estrat\u00e9gicos. Esta visi\u00f3n ha sido clave para consolidar su presencia en el mercado.<\/p>\n<p><em>\u201cNosotros no somos solo vendedores, somos asesores. <\/em><em>Las agencias saben que nos pueden hablar, <\/em><em>nos compren o no, y siempre vamos a estar\u201d.<\/em><\/p>\n<p>Esa apertura ha permitido generar confianza y mantener una comunicaci\u00f3n constante, donde tambi\u00e9n el aprendizaje es mutuo.<\/p>\n<h3>EL CAMINO QUE NO ESTABA PLANEADO<\/h3>\n<p>Cuando mira hacia atr\u00e1s, reconoce que su historia en el turismo no fue algo que busc\u00f3, pero s\u00ed algo que decidi\u00f3 construir.<\/p>\n<p><em>\u201cSi no me gustara, no estar\u00eda aqu\u00ed. Esto ya es <\/em><em>mi vocaci\u00f3n\u201d.<\/em><\/p>\n<p>Y es precisamente ah\u00ed donde radica la esencia de su liderazgo: en haber convertido una oportunidad incierta en un camino s\u00f3lido, guiado por la experiencia, la constancia y una convicci\u00f3n que hoy transmite a todo su equipo.<\/p>\n<p>Porque a veces, los caminos que no se planean\u2026 son los que terminan definiendo qui\u00e9n eres.<\/p>\n","protected":false},"excerpt":{"rendered":"<p>En la operaci\u00f3n diaria de Sierra Madre Guadalajara hay algo que va m\u00e1s all\u00e1 de cifras y estrategias: una din\u00e1mica construida desde la cercan\u00eda, el aprendizaje constante y el ejemplo. Al frente est\u00e1 Mar\u00eda In\u00e9s Ramos Gar\u00edn, gerente regional de Occidente, cuya historia en el turismo comenz\u00f3 sin planearlo. \u201cSiempre digo lo mismo: no s\u00e9 por qu\u00e9 dije que s\u00ed\u2026 pero le dije que s\u00ed. Y aqu\u00ed sigo\u201d. UN INICIO INESPERADO Con formaci\u00f3n en m\u00fasica, el turismo no figuraba en su camino. Sin embargo, en 2012 lleg\u00f3 a Gar\u00edn Mayorista, donde comenz\u00f3 desde cero en distintas \u00e1reas. \u201cSi me hubieras [&hellip;]<\/p>\n","protected":false},"author":7,"featured_media":57634,"comment_status":"open","ping_status":"open","sticky":false,"template":"","format":"standard","meta":{"footnotes":""},"categories":[576,18],"tags":[],"class_list":["post-57630","post","type-post","status-publish","format-standard","has-post-thumbnail","hentry","category-app","category-desdeadentro"],"_links":{"self":[{"href":"https:\/\/abzturistico.com\/index.php?rest_route=\/wp\/v2\/posts\/57630","targetHints":{"allow":["GET"]}}],"collection":[{"href":"https:\/\/abzturistico.com\/index.php?rest_route=\/wp\/v2\/posts"}],"about":[{"href":"https:\/\/abzturistico.com\/index.php?rest_route=\/wp\/v2\/types\/post"}],"author":[{"embeddable":true,"href":"https:\/\/abzturistico.com\/index.php?rest_route=\/wp\/v2\/users\/7"}],"replies":[{"embeddable":true,"href":"https:\/\/abzturistico.com\/index.php?rest_route=%2Fwp%2Fv2%2Fcomments&post=57630"}],"version-history":[{"count":1,"href":"https:\/\/abzturistico.com\/index.php?rest_route=\/wp\/v2\/posts\/57630\/revisions"}],"predecessor-version":[{"id":57635,"href":"https:\/\/abzturistico.com\/index.php?rest_route=\/wp\/v2\/posts\/57630\/revisions\/57635"}],"wp:featuredmedia":[{"embeddable":true,"href":"https:\/\/abzturistico.com\/index.php?rest_route=\/wp\/v2\/media\/57634"}],"wp:attachment":[{"href":"https:\/\/abzturistico.com\/index.php?rest_route=%2Fwp%2Fv2%2Fmedia&parent=57630"}],"wp:term":[{"taxonomy":"category","embeddable":true,"href":"https:\/\/abzturistico.com\/index.php?rest_route=%2Fwp%2Fv2%2Fcategories&post=57630"},{"taxonomy":"post_tag","embeddable":true,"href":"https:\/\/abzturistico.com\/index.php?rest_route=%2Fwp%2Fv2%2Ftags&post=57630"}],"curies":[{"name":"wp","href":"https:\/\/api.w.org\/{rel}","templated":true}]}}