{"id":57608,"date":"2026-05-01T16:50:03","date_gmt":"2026-05-01T22:50:03","guid":{"rendered":"https:\/\/abzturistico.com\/?p=57608"},"modified":"2026-05-01T16:50:03","modified_gmt":"2026-05-01T22:50:03","slug":"primera-edicion-de-turexpo-mx-by-publitur","status":"publish","type":"post","link":"https:\/\/abzturistico.com\/?p=57608","title":{"rendered":"Primera edici\u00f3n de Turexpo.mx by Publitur"},"content":{"rendered":"<p>La Sultana del Norte fue sede de la primera edici\u00f3n de Turexpo.mx by Publitur, un espacio en el cual operadores mayoristas, cadenas hoteleras, aerol\u00edneas, destinos nacionales e internacionales, entre otros, se re\u00fanen con agentes de viajes para consolidar alianzas estrat\u00e9gicas que permitan incrementar el turismo.<\/p>\n<p><a href=\"https:\/\/abzturistico.com\/wp-content\/uploads\/2026\/05\/DSC03798.jpeg\"><img loading=\"lazy\" decoding=\"async\" class=\"aligncenter size-full wp-image-57620\" src=\"https:\/\/abzturistico.com\/wp-content\/uploads\/2026\/05\/DSC03798.jpeg\" alt=\"\" width=\"1280\" height=\"853\" srcset=\"https:\/\/abzturistico.com\/wp-content\/uploads\/2026\/05\/DSC03798.jpeg 1280w, https:\/\/abzturistico.com\/wp-content\/uploads\/2026\/05\/DSC03798-300x200.jpeg 300w, https:\/\/abzturistico.com\/wp-content\/uploads\/2026\/05\/DSC03798-1024x682.jpeg 1024w, https:\/\/abzturistico.com\/wp-content\/uploads\/2026\/05\/DSC03798-768x512.jpeg 768w, https:\/\/abzturistico.com\/wp-content\/uploads\/2026\/05\/DSC03798-400x267.jpeg 400w, https:\/\/abzturistico.com\/wp-content\/uploads\/2026\/05\/DSC03798-900x600.jpeg 900w\" sizes=\"auto, (max-width: 1280px) 100vw, 1280px\" \/><\/a><\/p>\n<p><a href=\"https:\/\/abzturistico.com\/wp-content\/uploads\/2026\/05\/DSC03169.jpeg\"><img loading=\"lazy\" decoding=\"async\" class=\"aligncenter size-full wp-image-57611\" src=\"https:\/\/abzturistico.com\/wp-content\/uploads\/2026\/05\/DSC03169.jpeg\" alt=\"\" width=\"1280\" height=\"853\" srcset=\"https:\/\/abzturistico.com\/wp-content\/uploads\/2026\/05\/DSC03169.jpeg 1280w, https:\/\/abzturistico.com\/wp-content\/uploads\/2026\/05\/DSC03169-300x200.jpeg 300w, https:\/\/abzturistico.com\/wp-content\/uploads\/2026\/05\/DSC03169-1024x682.jpeg 1024w, https:\/\/abzturistico.com\/wp-content\/uploads\/2026\/05\/DSC03169-768x512.jpeg 768w, https:\/\/abzturistico.com\/wp-content\/uploads\/2026\/05\/DSC03169-400x267.jpeg 400w, https:\/\/abzturistico.com\/wp-content\/uploads\/2026\/05\/DSC03169-900x600.jpeg 900w\" sizes=\"auto, (max-width: 1280px) 100vw, 1280px\" \/><\/a><\/p>\n<h3>CREANDO CONEXIONES<\/h3>\n<p>Con la participaci\u00f3n de m\u00e1s de 130 expositores, la creaci\u00f3n de nuevos negocios fue factible para cada asistente. Durante las reuniones lograron un networking s\u00f3lido y con miras de crecimiento exponencial.<\/p>\n<p>Una de las din\u00e1micas para tener el contacto directo fue a trav\u00e9s del trade show, en el cual las citas de negocio permitieron una comunicaci\u00f3n eficiente. Adem\u00e1s, se impartieron 16 seminarios y presentaciones creadas para fortalecer su conocimiento y actualizarse sobre las tendencias del mercado.<\/p>\n<p>Durante Turexpo.mx, los pasillos eran el spot ideal para conversar y entablar un acercamiento amigable y eficiente para crear activaciones y dar a conocer m\u00e1s sobre cada marca participante.<\/p>\n<p><a href=\"https:\/\/abzturistico.com\/wp-content\/uploads\/2026\/05\/DSC03302.jpeg\"><img loading=\"lazy\" decoding=\"async\" class=\"aligncenter size-full wp-image-57613\" src=\"https:\/\/abzturistico.com\/wp-content\/uploads\/2026\/05\/DSC03302.jpeg\" alt=\"\" width=\"1280\" height=\"853\" srcset=\"https:\/\/abzturistico.com\/wp-content\/uploads\/2026\/05\/DSC03302.jpeg 1280w, https:\/\/abzturistico.com\/wp-content\/uploads\/2026\/05\/DSC03302-300x200.jpeg 300w, https:\/\/abzturistico.com\/wp-content\/uploads\/2026\/05\/DSC03302-1024x682.jpeg 1024w, https:\/\/abzturistico.com\/wp-content\/uploads\/2026\/05\/DSC03302-768x512.jpeg 768w, https:\/\/abzturistico.com\/wp-content\/uploads\/2026\/05\/DSC03302-400x267.jpeg 400w, https:\/\/abzturistico.com\/wp-content\/uploads\/2026\/05\/DSC03302-900x600.jpeg 900w\" sizes=\"auto, (max-width: 1280px) 100vw, 1280px\" \/><\/a><\/p>\n<p><a href=\"https:\/\/abzturistico.com\/wp-content\/uploads\/2026\/05\/DSC03151.jpeg\"><img loading=\"lazy\" decoding=\"async\" class=\"aligncenter size-full wp-image-57609\" src=\"https:\/\/abzturistico.com\/wp-content\/uploads\/2026\/05\/DSC03151.jpeg\" alt=\"\" width=\"1280\" height=\"853\" srcset=\"https:\/\/abzturistico.com\/wp-content\/uploads\/2026\/05\/DSC03151.jpeg 1280w, https:\/\/abzturistico.com\/wp-content\/uploads\/2026\/05\/DSC03151-300x200.jpeg 300w, https:\/\/abzturistico.com\/wp-content\/uploads\/2026\/05\/DSC03151-1024x682.jpeg 1024w, https:\/\/abzturistico.com\/wp-content\/uploads\/2026\/05\/DSC03151-768x512.jpeg 768w, https:\/\/abzturistico.com\/wp-content\/uploads\/2026\/05\/DSC03151-400x267.jpeg 400w, https:\/\/abzturistico.com\/wp-content\/uploads\/2026\/05\/DSC03151-900x600.jpeg 900w\" sizes=\"auto, (max-width: 1280px) 100vw, 1280px\" \/><\/a><\/p>\n<h3>ESTRATEGIAS<\/h3>\n<p>Como parte de las actividades de capacitaci\u00f3n se realiz\u00f3 un conversatorio con expertos de la industria, titulado \u201cC\u00f3mo se construyen hoy los viajes que generan demanda, y se venden\u201d. A trav\u00e9s de la ponencia las nuevas ideas surgieron, as\u00ed como una nueva visi\u00f3n sobre el presente y futuro de la industria.<\/p>\n<p><a href=\"https:\/\/abzturistico.com\/wp-content\/uploads\/2026\/05\/DSC03864-e1777674769989.jpeg\"><img loading=\"lazy\" decoding=\"async\" class=\"aligncenter size-full wp-image-57622\" src=\"https:\/\/abzturistico.com\/wp-content\/uploads\/2026\/05\/DSC03864-e1777674769989.jpeg\" alt=\"\" width=\"853\" height=\"1280\" srcset=\"https:\/\/abzturistico.com\/wp-content\/uploads\/2026\/05\/DSC03864-e1777674769989.jpeg 853w, https:\/\/abzturistico.com\/wp-content\/uploads\/2026\/05\/DSC03864-e1777674769989-200x300.jpeg 200w, https:\/\/abzturistico.com\/wp-content\/uploads\/2026\/05\/DSC03864-e1777674769989-682x1024.jpeg 682w, https:\/\/abzturistico.com\/wp-content\/uploads\/2026\/05\/DSC03864-e1777674769989-768x1152.jpeg 768w, https:\/\/abzturistico.com\/wp-content\/uploads\/2026\/05\/DSC03864-e1777674769989-400x600.jpeg 400w\" sizes=\"auto, (max-width: 853px) 100vw, 853px\" \/><\/a><\/p>\n<p><a href=\"https:\/\/abzturistico.com\/wp-content\/uploads\/2026\/05\/DSC03563.jpeg\"><img loading=\"lazy\" decoding=\"async\" class=\"aligncenter size-full wp-image-57619\" src=\"https:\/\/abzturistico.com\/wp-content\/uploads\/2026\/05\/DSC03563.jpeg\" alt=\"\" width=\"1280\" height=\"853\" srcset=\"https:\/\/abzturistico.com\/wp-content\/uploads\/2026\/05\/DSC03563.jpeg 1280w, https:\/\/abzturistico.com\/wp-content\/uploads\/2026\/05\/DSC03563-300x200.jpeg 300w, https:\/\/abzturistico.com\/wp-content\/uploads\/2026\/05\/DSC03563-1024x682.jpeg 1024w, https:\/\/abzturistico.com\/wp-content\/uploads\/2026\/05\/DSC03563-768x512.jpeg 768w, https:\/\/abzturistico.com\/wp-content\/uploads\/2026\/05\/DSC03563-400x267.jpeg 400w, https:\/\/abzturistico.com\/wp-content\/uploads\/2026\/05\/DSC03563-900x600.jpeg 900w\" sizes=\"auto, (max-width: 1280px) 100vw, 1280px\" \/><\/a><\/p>\n<p><a href=\"https:\/\/abzturistico.com\/wp-content\/uploads\/2026\/05\/DSC03455.jpeg\"><img loading=\"lazy\" decoding=\"async\" class=\"aligncenter size-full wp-image-57616\" src=\"https:\/\/abzturistico.com\/wp-content\/uploads\/2026\/05\/DSC03455.jpeg\" alt=\"\" width=\"1280\" height=\"853\" srcset=\"https:\/\/abzturistico.com\/wp-content\/uploads\/2026\/05\/DSC03455.jpeg 1280w, https:\/\/abzturistico.com\/wp-content\/uploads\/2026\/05\/DSC03455-300x200.jpeg 300w, https:\/\/abzturistico.com\/wp-content\/uploads\/2026\/05\/DSC03455-1024x682.jpeg 1024w, https:\/\/abzturistico.com\/wp-content\/uploads\/2026\/05\/DSC03455-768x512.jpeg 768w, https:\/\/abzturistico.com\/wp-content\/uploads\/2026\/05\/DSC03455-400x267.jpeg 400w, https:\/\/abzturistico.com\/wp-content\/uploads\/2026\/05\/DSC03455-900x600.jpeg 900w\" sizes=\"auto, (max-width: 1280px) 100vw, 1280px\" \/><\/a><\/p>\n<h3>EL CREADOR<\/h3>\n<p>Adicionalmente a los encuentros en los pasillos, Turexpo.mex tuvo materclases exclusivas para agentes de viajes deseosos por aprender, conocer nuevas formas de vender y sumergirse al mundo digital.<\/p>\n<p>Para ello, se tuvo la participaci\u00f3n de Ana\u00eds (@holasoy_anais) con la charla \u201cEl poder de ser t\u00fa\u201d; Emiliano Ochoa (@emilianoochoa07), se encarg\u00f3 de mostrarles la manera de convertirse en el agente que todos recomiendan; y Rodrigo Padillas (@rodrigopadillas), llev\u00f3 la conversaci\u00f3n hacia el siguiente paso del creador.<\/p>\n<p>Los expertos compartieron herramientas valiosas para crear una identidad de negocio a trav\u00e9s de la personalidad y de esta manera construir estrategias de venta, fortalecer la presencia en redes y convertir las ideas en acciones para construir una comunidad leal.<\/p>\n<p>Durante los dos d\u00edas en que se celebr\u00f3 el evento, se realizaron c\u00f3cteles con activaciones y momentos de convivencia, entre ellos, un c\u00f3ctel en colaboraci\u00f3n con HotelDo, Publitur y Vinos&amp;Dinos.<\/p>\n<p>De esta manera cerr\u00f3 una primera edici\u00f3n fruct\u00edfera y con la iniciativa de seguir posicion\u00e1ndose como un punto de encuentro para reforzar e iniciar conexiones.<\/p>\n<p><a href=\"https:\/\/abzturistico.com\/wp-content\/uploads\/2026\/05\/DSC03462.jpeg\"><img loading=\"lazy\" decoding=\"async\" class=\"aligncenter size-full wp-image-57617\" src=\"https:\/\/abzturistico.com\/wp-content\/uploads\/2026\/05\/DSC03462.jpeg\" alt=\"\" width=\"1280\" height=\"853\" srcset=\"https:\/\/abzturistico.com\/wp-content\/uploads\/2026\/05\/DSC03462.jpeg 1280w, https:\/\/abzturistico.com\/wp-content\/uploads\/2026\/05\/DSC03462-300x200.jpeg 300w, https:\/\/abzturistico.com\/wp-content\/uploads\/2026\/05\/DSC03462-1024x682.jpeg 1024w, https:\/\/abzturistico.com\/wp-content\/uploads\/2026\/05\/DSC03462-768x512.jpeg 768w, https:\/\/abzturistico.com\/wp-content\/uploads\/2026\/05\/DSC03462-400x267.jpeg 400w, https:\/\/abzturistico.com\/wp-content\/uploads\/2026\/05\/DSC03462-900x600.jpeg 900w\" sizes=\"auto, (max-width: 1280px) 100vw, 1280px\" \/><\/a><\/p>\n<p><a href=\"https:\/\/abzturistico.com\/wp-content\/uploads\/2026\/05\/DSC03448.jpeg\"><img loading=\"lazy\" decoding=\"async\" class=\"aligncenter size-full wp-image-57615\" src=\"https:\/\/abzturistico.com\/wp-content\/uploads\/2026\/05\/DSC03448.jpeg\" alt=\"\" width=\"1280\" height=\"853\" srcset=\"https:\/\/abzturistico.com\/wp-content\/uploads\/2026\/05\/DSC03448.jpeg 1280w, https:\/\/abzturistico.com\/wp-content\/uploads\/2026\/05\/DSC03448-300x200.jpeg 300w, https:\/\/abzturistico.com\/wp-content\/uploads\/2026\/05\/DSC03448-1024x682.jpeg 1024w, https:\/\/abzturistico.com\/wp-content\/uploads\/2026\/05\/DSC03448-768x512.jpeg 768w, https:\/\/abzturistico.com\/wp-content\/uploads\/2026\/05\/DSC03448-400x267.jpeg 400w, https:\/\/abzturistico.com\/wp-content\/uploads\/2026\/05\/DSC03448-900x600.jpeg 900w\" sizes=\"auto, (max-width: 1280px) 100vw, 1280px\" \/><\/a><\/p>\n<p><a href=\"https:\/\/abzturistico.com\/wp-content\/uploads\/2026\/05\/DSC03479.jpeg\"><img loading=\"lazy\" decoding=\"async\" class=\"aligncenter size-full wp-image-57618\" src=\"https:\/\/abzturistico.com\/wp-content\/uploads\/2026\/05\/DSC03479.jpeg\" alt=\"\" width=\"1280\" height=\"853\" srcset=\"https:\/\/abzturistico.com\/wp-content\/uploads\/2026\/05\/DSC03479.jpeg 1280w, https:\/\/abzturistico.com\/wp-content\/uploads\/2026\/05\/DSC03479-300x200.jpeg 300w, https:\/\/abzturistico.com\/wp-content\/uploads\/2026\/05\/DSC03479-1024x682.jpeg 1024w, https:\/\/abzturistico.com\/wp-content\/uploads\/2026\/05\/DSC03479-768x512.jpeg 768w, https:\/\/abzturistico.com\/wp-content\/uploads\/2026\/05\/DSC03479-400x267.jpeg 400w, https:\/\/abzturistico.com\/wp-content\/uploads\/2026\/05\/DSC03479-900x600.jpeg 900w\" sizes=\"auto, (max-width: 1280px) 100vw, 1280px\" \/><\/a><\/p>\n<p><a href=\"https:\/\/abzturistico.com\/wp-content\/uploads\/2026\/05\/DSC03405.jpeg\"><img loading=\"lazy\" decoding=\"async\" class=\"aligncenter size-full wp-image-57614\" src=\"https:\/\/abzturistico.com\/wp-content\/uploads\/2026\/05\/DSC03405.jpeg\" alt=\"\" width=\"1280\" height=\"853\" srcset=\"https:\/\/abzturistico.com\/wp-content\/uploads\/2026\/05\/DSC03405.jpeg 1280w, https:\/\/abzturistico.com\/wp-content\/uploads\/2026\/05\/DSC03405-300x200.jpeg 300w, https:\/\/abzturistico.com\/wp-content\/uploads\/2026\/05\/DSC03405-1024x682.jpeg 1024w, https:\/\/abzturistico.com\/wp-content\/uploads\/2026\/05\/DSC03405-768x512.jpeg 768w, https:\/\/abzturistico.com\/wp-content\/uploads\/2026\/05\/DSC03405-400x267.jpeg 400w, https:\/\/abzturistico.com\/wp-content\/uploads\/2026\/05\/DSC03405-900x600.jpeg 900w\" sizes=\"auto, (max-width: 1280px) 100vw, 1280px\" \/><\/a><\/p>\n<p><a href=\"https:\/\/abzturistico.com\/wp-content\/uploads\/2026\/05\/DSC03286.jpeg\"><img loading=\"lazy\" decoding=\"async\" class=\"aligncenter size-full wp-image-57612\" src=\"https:\/\/abzturistico.com\/wp-content\/uploads\/2026\/05\/DSC03286.jpeg\" alt=\"\" width=\"1280\" height=\"853\" srcset=\"https:\/\/abzturistico.com\/wp-content\/uploads\/2026\/05\/DSC03286.jpeg 1280w, https:\/\/abzturistico.com\/wp-content\/uploads\/2026\/05\/DSC03286-300x200.jpeg 300w, https:\/\/abzturistico.com\/wp-content\/uploads\/2026\/05\/DSC03286-1024x682.jpeg 1024w, https:\/\/abzturistico.com\/wp-content\/uploads\/2026\/05\/DSC03286-768x512.jpeg 768w, https:\/\/abzturistico.com\/wp-content\/uploads\/2026\/05\/DSC03286-400x267.jpeg 400w, https:\/\/abzturistico.com\/wp-content\/uploads\/2026\/05\/DSC03286-900x600.jpeg 900w\" sizes=\"auto, (max-width: 1280px) 100vw, 1280px\" \/><\/a><\/p>\n","protected":false},"excerpt":{"rendered":"<p>La Sultana del Norte fue sede de la primera edici\u00f3n de Turexpo.mx by Publitur, un espacio en el cual operadores mayoristas, cadenas hoteleras, aerol\u00edneas, destinos nacionales e internacionales, entre otros, se re\u00fanen con agentes de viajes para consolidar alianzas estrat\u00e9gicas que permitan incrementar el turismo. CREANDO CONEXIONES Con la participaci\u00f3n de m\u00e1s de 130 expositores, la creaci\u00f3n de nuevos negocios fue factible para cada asistente. Durante las reuniones lograron un networking s\u00f3lido y con miras de crecimiento exponencial. Una de las din\u00e1micas para tener el contacto directo fue a trav\u00e9s del trade show, en el cual las citas de negocio [&hellip;]<\/p>\n","protected":false},"author":7,"featured_media":57621,"comment_status":"open","ping_status":"open","sticky":false,"template":"","format":"standard","meta":{"footnotes":""},"categories":[576,12],"tags":[],"class_list":["post-57608","post","type-post","status-publish","format-standard","has-post-thumbnail","hentry","category-app","category-clic"],"_links":{"self":[{"href":"https:\/\/abzturistico.com\/index.php?rest_route=\/wp\/v2\/posts\/57608","targetHints":{"allow":["GET"]}}],"collection":[{"href":"https:\/\/abzturistico.com\/index.php?rest_route=\/wp\/v2\/posts"}],"about":[{"href":"https:\/\/abzturistico.com\/index.php?rest_route=\/wp\/v2\/types\/post"}],"author":[{"embeddable":true,"href":"https:\/\/abzturistico.com\/index.php?rest_route=\/wp\/v2\/users\/7"}],"replies":[{"embeddable":true,"href":"https:\/\/abzturistico.com\/index.php?rest_route=%2Fwp%2Fv2%2Fcomments&post=57608"}],"version-history":[{"count":1,"href":"https:\/\/abzturistico.com\/index.php?rest_route=\/wp\/v2\/posts\/57608\/revisions"}],"predecessor-version":[{"id":57623,"href":"https:\/\/abzturistico.com\/index.php?rest_route=\/wp\/v2\/posts\/57608\/revisions\/57623"}],"wp:featuredmedia":[{"embeddable":true,"href":"https:\/\/abzturistico.com\/index.php?rest_route=\/wp\/v2\/media\/57621"}],"wp:attachment":[{"href":"https:\/\/abzturistico.com\/index.php?rest_route=%2Fwp%2Fv2%2Fmedia&parent=57608"}],"wp:term":[{"taxonomy":"category","embeddable":true,"href":"https:\/\/abzturistico.com\/index.php?rest_route=%2Fwp%2Fv2%2Fcategories&post=57608"},{"taxonomy":"post_tag","embeddable":true,"href":"https:\/\/abzturistico.com\/index.php?rest_route=%2Fwp%2Fv2%2Ftags&post=57608"}],"curies":[{"name":"wp","href":"https:\/\/api.w.org\/{rel}","templated":true}]}}