{"id":57567,"date":"2026-05-01T16:08:43","date_gmt":"2026-05-01T22:08:43","guid":{"rendered":"https:\/\/abzturistico.com\/?p=57567"},"modified":"2026-05-01T16:08:43","modified_gmt":"2026-05-01T22:08:43","slug":"volaris-conecta-a-guadalajara-con-mazatlan","status":"publish","type":"post","link":"https:\/\/abzturistico.com\/?p=57567","title":{"rendered":"Volaris conecta a Guadalajara con Mazatl\u00e1n"},"content":{"rendered":"<p>Con un acto inaugural en el Aeropuerto Internacional de Guadalajara y el tradicional corte de list\u00f3n, Volaris dio inicio a su nueva ruta directa entre Guadalajara y Mazatl\u00e1n. La ceremonia estuvo encabezada por Nancy Galaviz, directora de Desarrollo de Mercado y Joel Cova, ejecutivo comercial zona Occidente de Volaris, quienes marcaron oficialmente el arranque de esta conexi\u00f3n que acerca a los viajeros a uno de los destinos m\u00e1s vibrantes del Pac\u00edfico mexicano.<\/p>\n<p>Como parte de este nuevo vuelo, se llev\u00f3 a cabo un viaje de familiarizaci\u00f3n (FAM) con agentes de viajes, quienes tuvieron la oportunidad de experimentar de primera mano la ruta y descubrir los imperdibles de Mazatl\u00e1n.<\/p>\n<p>Bajo el concepto \u201cCambia birria por brisa\u201d, esta conexi\u00f3n invita a dejar la rutina atr\u00e1s y aterrizar, en cuesti\u00f3n de minutos, en un lugar donde el mar, la cultura y la gastronom\u00eda se viven intensamente.<\/p>\n<p><a href=\"https:\/\/abzturistico.com\/wp-content\/uploads\/2026\/05\/3.jpeg\"><img loading=\"lazy\" decoding=\"async\" class=\"aligncenter size-full wp-image-57570\" src=\"https:\/\/abzturistico.com\/wp-content\/uploads\/2026\/05\/3.jpeg\" alt=\"\" width=\"1280\" height=\"854\" srcset=\"https:\/\/abzturistico.com\/wp-content\/uploads\/2026\/05\/3.jpeg 1280w, https:\/\/abzturistico.com\/wp-content\/uploads\/2026\/05\/3-300x200.jpeg 300w, https:\/\/abzturistico.com\/wp-content\/uploads\/2026\/05\/3-1024x683.jpeg 1024w, https:\/\/abzturistico.com\/wp-content\/uploads\/2026\/05\/3-768x512.jpeg 768w, https:\/\/abzturistico.com\/wp-content\/uploads\/2026\/05\/3-400x267.jpeg 400w, https:\/\/abzturistico.com\/wp-content\/uploads\/2026\/05\/3-899x600.jpeg 899w\" sizes=\"auto, (max-width: 1280px) 100vw, 1280px\" \/><\/a><\/p>\n<p><a href=\"https:\/\/abzturistico.com\/wp-content\/uploads\/2026\/05\/8.jpeg\"><img loading=\"lazy\" decoding=\"async\" class=\"aligncenter size-full wp-image-57575\" src=\"https:\/\/abzturistico.com\/wp-content\/uploads\/2026\/05\/8.jpeg\" alt=\"\" width=\"1280\" height=\"853\" srcset=\"https:\/\/abzturistico.com\/wp-content\/uploads\/2026\/05\/8.jpeg 1280w, https:\/\/abzturistico.com\/wp-content\/uploads\/2026\/05\/8-300x200.jpeg 300w, https:\/\/abzturistico.com\/wp-content\/uploads\/2026\/05\/8-1024x682.jpeg 1024w, https:\/\/abzturistico.com\/wp-content\/uploads\/2026\/05\/8-768x512.jpeg 768w, https:\/\/abzturistico.com\/wp-content\/uploads\/2026\/05\/8-400x267.jpeg 400w, https:\/\/abzturistico.com\/wp-content\/uploads\/2026\/05\/8-900x600.jpeg 900w\" sizes=\"auto, (max-width: 1280px) 100vw, 1280px\" \/><\/a><\/p>\n<p><a href=\"https:\/\/abzturistico.com\/wp-content\/uploads\/2026\/05\/14_1.jpeg\"><img loading=\"lazy\" decoding=\"async\" class=\"aligncenter size-full wp-image-57581\" src=\"https:\/\/abzturistico.com\/wp-content\/uploads\/2026\/05\/14_1.jpeg\" alt=\"\" width=\"1280\" height=\"853\" srcset=\"https:\/\/abzturistico.com\/wp-content\/uploads\/2026\/05\/14_1.jpeg 1280w, https:\/\/abzturistico.com\/wp-content\/uploads\/2026\/05\/14_1-300x200.jpeg 300w, https:\/\/abzturistico.com\/wp-content\/uploads\/2026\/05\/14_1-1024x682.jpeg 1024w, https:\/\/abzturistico.com\/wp-content\/uploads\/2026\/05\/14_1-768x512.jpeg 768w, https:\/\/abzturistico.com\/wp-content\/uploads\/2026\/05\/14_1-400x267.jpeg 400w, https:\/\/abzturistico.com\/wp-content\/uploads\/2026\/05\/14_1-900x600.jpeg 900w\" sizes=\"auto, (max-width: 1280px) 100vw, 1280px\" \/><\/a><\/p>\n<h3>MAZATL\u00c1N SE VIVE DESDE EL PRIMER MOMENTO<\/h3>\n<p>La experiencia del FAM comenz\u00f3 desde la llegada. Mazatl\u00e1n recibi\u00f3 a los agentes de viajes con ese aire c\u00e1lido que lo caracteriza, y en esta ocasi\u00f3n, el punto de encuentro fue Dreams Estrella del Mar, un hotel Todo Incluido frente al Pac\u00edfico donde la hospitalidad y el entorno natural marcan el ritmo de la estancia.<\/p>\n<p>Entre c\u00f3cteles de bienvenida y un ambiente relajado, los asistentes recorrieron sus instalaciones, descubrieron su propuesta gastron\u00f3mica y conectaron con la esencia del destino, en una tarde pensada para disfrutar sin prisa.<\/p>\n<p><a href=\"https:\/\/abzturistico.com\/wp-content\/uploads\/2026\/05\/2.jpeg\"><img loading=\"lazy\" decoding=\"async\" class=\"aligncenter size-full wp-image-57569\" src=\"https:\/\/abzturistico.com\/wp-content\/uploads\/2026\/05\/2.jpeg\" alt=\"\" width=\"1280\" height=\"854\" srcset=\"https:\/\/abzturistico.com\/wp-content\/uploads\/2026\/05\/2.jpeg 1280w, https:\/\/abzturistico.com\/wp-content\/uploads\/2026\/05\/2-300x200.jpeg 300w, https:\/\/abzturistico.com\/wp-content\/uploads\/2026\/05\/2-1024x683.jpeg 1024w, https:\/\/abzturistico.com\/wp-content\/uploads\/2026\/05\/2-768x512.jpeg 768w, https:\/\/abzturistico.com\/wp-content\/uploads\/2026\/05\/2-400x267.jpeg 400w, https:\/\/abzturistico.com\/wp-content\/uploads\/2026\/05\/2-899x600.jpeg 899w\" sizes=\"auto, (max-width: 1280px) 100vw, 1280px\" \/><\/a><\/p>\n<p><a href=\"https:\/\/abzturistico.com\/wp-content\/uploads\/2026\/05\/11_1.jpeg\"><img loading=\"lazy\" decoding=\"async\" class=\"aligncenter size-full wp-image-57578\" src=\"https:\/\/abzturistico.com\/wp-content\/uploads\/2026\/05\/11_1.jpeg\" alt=\"\" width=\"853\" height=\"1280\" srcset=\"https:\/\/abzturistico.com\/wp-content\/uploads\/2026\/05\/11_1.jpeg 853w, https:\/\/abzturistico.com\/wp-content\/uploads\/2026\/05\/11_1-200x300.jpeg 200w, https:\/\/abzturistico.com\/wp-content\/uploads\/2026\/05\/11_1-682x1024.jpeg 682w, https:\/\/abzturistico.com\/wp-content\/uploads\/2026\/05\/11_1-768x1152.jpeg 768w, https:\/\/abzturistico.com\/wp-content\/uploads\/2026\/05\/11_1-400x600.jpeg 400w\" sizes=\"auto, (max-width: 853px) 100vw, 853px\" \/><\/a><\/p>\n<p><a href=\"https:\/\/abzturistico.com\/wp-content\/uploads\/2026\/05\/9.jpeg\"><img loading=\"lazy\" decoding=\"async\" class=\"aligncenter size-full wp-image-57576\" src=\"https:\/\/abzturistico.com\/wp-content\/uploads\/2026\/05\/9.jpeg\" alt=\"\" width=\"1280\" height=\"853\" srcset=\"https:\/\/abzturistico.com\/wp-content\/uploads\/2026\/05\/9.jpeg 1280w, https:\/\/abzturistico.com\/wp-content\/uploads\/2026\/05\/9-300x200.jpeg 300w, https:\/\/abzturistico.com\/wp-content\/uploads\/2026\/05\/9-1024x682.jpeg 1024w, https:\/\/abzturistico.com\/wp-content\/uploads\/2026\/05\/9-768x512.jpeg 768w, https:\/\/abzturistico.com\/wp-content\/uploads\/2026\/05\/9-400x267.jpeg 400w, https:\/\/abzturistico.com\/wp-content\/uploads\/2026\/05\/9-900x600.jpeg 900w\" sizes=\"auto, (max-width: 1280px) 100vw, 1280px\" \/><\/a><\/p>\n<h3>ENTRE HISTORIA, NATURALEZA Y EXPERIENCIAS \u00daNICAS<\/h3>\n<p>Mazatl\u00e1n tambi\u00e9n sorprendi\u00f3 por su diversidad. Durante el segundo d\u00eda se visit\u00f3 el hotel Viaggio Resort, una propuesta de alojamiento para aquellos viajeros que deseen seguir disfrutando de la Perla del Pac\u00edfico; adem\u00e1s, se recorrieron las diversas salas del Gran Acuario Mazatl\u00e1n, uno de los m\u00e1s importantes de Latinoam\u00e9rica.<\/p>\n<p>El Observatorio 1873 sum\u00f3 historia, conservaci\u00f3n y vistas privilegiadas, mientras que el Museo Nacional de la Ballena permiti\u00f3 adentrarse en la importancia del mundo marino a trav\u00e9s de experiencias interactivas. Cada espacio confirm\u00f3 que Mazatl\u00e1n es mucho m\u00e1s que playa: es cultura, naturaleza y conexi\u00f3n.<\/p>\n<p><a href=\"https:\/\/abzturistico.com\/wp-content\/uploads\/2026\/05\/4.jpeg\"><img loading=\"lazy\" decoding=\"async\" class=\"aligncenter size-full wp-image-57571\" src=\"https:\/\/abzturistico.com\/wp-content\/uploads\/2026\/05\/4.jpeg\" alt=\"\" width=\"1280\" height=\"853\" srcset=\"https:\/\/abzturistico.com\/wp-content\/uploads\/2026\/05\/4.jpeg 1280w, https:\/\/abzturistico.com\/wp-content\/uploads\/2026\/05\/4-300x200.jpeg 300w, https:\/\/abzturistico.com\/wp-content\/uploads\/2026\/05\/4-1024x682.jpeg 1024w, https:\/\/abzturistico.com\/wp-content\/uploads\/2026\/05\/4-768x512.jpeg 768w, https:\/\/abzturistico.com\/wp-content\/uploads\/2026\/05\/4-400x267.jpeg 400w, https:\/\/abzturistico.com\/wp-content\/uploads\/2026\/05\/4-900x600.jpeg 900w\" sizes=\"auto, (max-width: 1280px) 100vw, 1280px\" \/><\/a><\/p>\n<p><a href=\"https:\/\/abzturistico.com\/wp-content\/uploads\/2026\/05\/7_1.jpeg\"><img loading=\"lazy\" decoding=\"async\" class=\"aligncenter size-full wp-image-57574\" src=\"https:\/\/abzturistico.com\/wp-content\/uploads\/2026\/05\/7_1.jpeg\" alt=\"\" width=\"1280\" height=\"853\" srcset=\"https:\/\/abzturistico.com\/wp-content\/uploads\/2026\/05\/7_1.jpeg 1280w, https:\/\/abzturistico.com\/wp-content\/uploads\/2026\/05\/7_1-300x200.jpeg 300w, https:\/\/abzturistico.com\/wp-content\/uploads\/2026\/05\/7_1-1024x682.jpeg 1024w, https:\/\/abzturistico.com\/wp-content\/uploads\/2026\/05\/7_1-768x512.jpeg 768w, https:\/\/abzturistico.com\/wp-content\/uploads\/2026\/05\/7_1-400x267.jpeg 400w, https:\/\/abzturistico.com\/wp-content\/uploads\/2026\/05\/7_1-900x600.jpeg 900w\" sizes=\"auto, (max-width: 1280px) 100vw, 1280px\" \/><\/a><\/p>\n<p><a href=\"https:\/\/abzturistico.com\/wp-content\/uploads\/2026\/05\/12_1.jpeg\"><img loading=\"lazy\" decoding=\"async\" class=\"aligncenter size-full wp-image-57579\" src=\"https:\/\/abzturistico.com\/wp-content\/uploads\/2026\/05\/12_1.jpeg\" alt=\"\" width=\"1280\" height=\"853\" srcset=\"https:\/\/abzturistico.com\/wp-content\/uploads\/2026\/05\/12_1.jpeg 1280w, https:\/\/abzturistico.com\/wp-content\/uploads\/2026\/05\/12_1-300x200.jpeg 300w, https:\/\/abzturistico.com\/wp-content\/uploads\/2026\/05\/12_1-1024x682.jpeg 1024w, https:\/\/abzturistico.com\/wp-content\/uploads\/2026\/05\/12_1-768x512.jpeg 768w, https:\/\/abzturistico.com\/wp-content\/uploads\/2026\/05\/12_1-400x267.jpeg 400w, https:\/\/abzturistico.com\/wp-content\/uploads\/2026\/05\/12_1-900x600.jpeg 900w\" sizes=\"auto, (max-width: 1280px) 100vw, 1280px\" \/><\/a><\/p>\n<p><a href=\"https:\/\/abzturistico.com\/wp-content\/uploads\/2026\/05\/17.jpeg\"><img loading=\"lazy\" decoding=\"async\" class=\"aligncenter size-full wp-image-57582\" src=\"https:\/\/abzturistico.com\/wp-content\/uploads\/2026\/05\/17.jpeg\" alt=\"\" width=\"1280\" height=\"853\" srcset=\"https:\/\/abzturistico.com\/wp-content\/uploads\/2026\/05\/17.jpeg 1280w, https:\/\/abzturistico.com\/wp-content\/uploads\/2026\/05\/17-300x200.jpeg 300w, https:\/\/abzturistico.com\/wp-content\/uploads\/2026\/05\/17-1024x682.jpeg 1024w, https:\/\/abzturistico.com\/wp-content\/uploads\/2026\/05\/17-768x512.jpeg 768w, https:\/\/abzturistico.com\/wp-content\/uploads\/2026\/05\/17-400x267.jpeg 400w, https:\/\/abzturistico.com\/wp-content\/uploads\/2026\/05\/17-900x600.jpeg 900w\" sizes=\"auto, (max-width: 1280px) 100vw, 1280px\" \/><\/a><\/p>\n<h3>UN ATARDECER QUE LO DICE TODO<\/h3>\n<p>La visita al destino cerr\u00f3 de forma perfecta frente al mar, con un atardecer que ti\u00f1\u00f3 el cielo de tonos c\u00e1lidos, record\u00e1ndonos que en Mazatl\u00e1n est\u00e1n considerados entre los m\u00e1s hermosos del Pac\u00edfico.<\/p>\n<p>Con esta nueva ruta, Mazatl\u00e1n no s\u00f3lo est\u00e1 m\u00e1s cerca: est\u00e1 listo para seguir conquistando a quienes buscan un destino que se siente, se disfruta\u2026 y siempre invita a volver.<\/p>\n<p><a href=\"https:\/\/abzturistico.com\/wp-content\/uploads\/2026\/05\/18.jpeg\"><img loading=\"lazy\" decoding=\"async\" class=\"aligncenter size-full wp-image-57583\" src=\"https:\/\/abzturistico.com\/wp-content\/uploads\/2026\/05\/18.jpeg\" alt=\"\" width=\"1280\" height=\"853\" srcset=\"https:\/\/abzturistico.com\/wp-content\/uploads\/2026\/05\/18.jpeg 1280w, https:\/\/abzturistico.com\/wp-content\/uploads\/2026\/05\/18-300x200.jpeg 300w, https:\/\/abzturistico.com\/wp-content\/uploads\/2026\/05\/18-1024x682.jpeg 1024w, https:\/\/abzturistico.com\/wp-content\/uploads\/2026\/05\/18-768x512.jpeg 768w, https:\/\/abzturistico.com\/wp-content\/uploads\/2026\/05\/18-400x267.jpeg 400w, https:\/\/abzturistico.com\/wp-content\/uploads\/2026\/05\/18-900x600.jpeg 900w\" sizes=\"auto, (max-width: 1280px) 100vw, 1280px\" \/><\/a><\/p>\n<p><a href=\"https:\/\/abzturistico.com\/wp-content\/uploads\/2026\/05\/5.jpeg\"><img loading=\"lazy\" decoding=\"async\" class=\"aligncenter size-full wp-image-57572\" src=\"https:\/\/abzturistico.com\/wp-content\/uploads\/2026\/05\/5.jpeg\" alt=\"\" width=\"1280\" height=\"853\" srcset=\"https:\/\/abzturistico.com\/wp-content\/uploads\/2026\/05\/5.jpeg 1280w, https:\/\/abzturistico.com\/wp-content\/uploads\/2026\/05\/5-300x200.jpeg 300w, https:\/\/abzturistico.com\/wp-content\/uploads\/2026\/05\/5-1024x682.jpeg 1024w, https:\/\/abzturistico.com\/wp-content\/uploads\/2026\/05\/5-768x512.jpeg 768w, https:\/\/abzturistico.com\/wp-content\/uploads\/2026\/05\/5-400x267.jpeg 400w, https:\/\/abzturistico.com\/wp-content\/uploads\/2026\/05\/5-900x600.jpeg 900w\" sizes=\"auto, (max-width: 1280px) 100vw, 1280px\" \/><\/a><\/p>\n<p><a href=\"https:\/\/abzturistico.com\/wp-content\/uploads\/2026\/05\/10.jpeg\"><img loading=\"lazy\" decoding=\"async\" class=\"aligncenter size-full wp-image-57577\" src=\"https:\/\/abzturistico.com\/wp-content\/uploads\/2026\/05\/10.jpeg\" alt=\"\" width=\"853\" height=\"1280\" srcset=\"https:\/\/abzturistico.com\/wp-content\/uploads\/2026\/05\/10.jpeg 853w, https:\/\/abzturistico.com\/wp-content\/uploads\/2026\/05\/10-200x300.jpeg 200w, https:\/\/abzturistico.com\/wp-content\/uploads\/2026\/05\/10-682x1024.jpeg 682w, https:\/\/abzturistico.com\/wp-content\/uploads\/2026\/05\/10-768x1152.jpeg 768w, https:\/\/abzturistico.com\/wp-content\/uploads\/2026\/05\/10-400x600.jpeg 400w\" sizes=\"auto, (max-width: 853px) 100vw, 853px\" \/><\/a><\/p>\n<p><a href=\"https:\/\/abzturistico.com\/wp-content\/uploads\/2026\/05\/13_1.jpeg\"><img loading=\"lazy\" decoding=\"async\" class=\"aligncenter size-full wp-image-57580\" src=\"https:\/\/abzturistico.com\/wp-content\/uploads\/2026\/05\/13_1.jpeg\" alt=\"\" width=\"1280\" height=\"853\" srcset=\"https:\/\/abzturistico.com\/wp-content\/uploads\/2026\/05\/13_1.jpeg 1280w, https:\/\/abzturistico.com\/wp-content\/uploads\/2026\/05\/13_1-300x200.jpeg 300w, https:\/\/abzturistico.com\/wp-content\/uploads\/2026\/05\/13_1-1024x682.jpeg 1024w, https:\/\/abzturistico.com\/wp-content\/uploads\/2026\/05\/13_1-768x512.jpeg 768w, https:\/\/abzturistico.com\/wp-content\/uploads\/2026\/05\/13_1-400x267.jpeg 400w, https:\/\/abzturistico.com\/wp-content\/uploads\/2026\/05\/13_1-900x600.jpeg 900w\" sizes=\"auto, (max-width: 1280px) 100vw, 1280px\" \/><\/a><\/p>\n<p><a href=\"https:\/\/abzturistico.com\/wp-content\/uploads\/2026\/05\/6.jpeg\"><img loading=\"lazy\" decoding=\"async\" class=\"aligncenter size-full wp-image-57573\" src=\"https:\/\/abzturistico.com\/wp-content\/uploads\/2026\/05\/6.jpeg\" alt=\"\" width=\"1280\" height=\"853\" srcset=\"https:\/\/abzturistico.com\/wp-content\/uploads\/2026\/05\/6.jpeg 1280w, https:\/\/abzturistico.com\/wp-content\/uploads\/2026\/05\/6-300x200.jpeg 300w, https:\/\/abzturistico.com\/wp-content\/uploads\/2026\/05\/6-1024x682.jpeg 1024w, https:\/\/abzturistico.com\/wp-content\/uploads\/2026\/05\/6-768x512.jpeg 768w, https:\/\/abzturistico.com\/wp-content\/uploads\/2026\/05\/6-400x267.jpeg 400w, https:\/\/abzturistico.com\/wp-content\/uploads\/2026\/05\/6-900x600.jpeg 900w\" sizes=\"auto, (max-width: 1280px) 100vw, 1280px\" \/><\/a><\/p>\n","protected":false},"excerpt":{"rendered":"<p>Con un acto inaugural en el Aeropuerto Internacional de Guadalajara y el tradicional corte de list\u00f3n, Volaris dio inicio a su nueva ruta directa entre Guadalajara y Mazatl\u00e1n. La ceremonia estuvo encabezada por Nancy Galaviz, directora de Desarrollo de Mercado y Joel Cova, ejecutivo comercial zona Occidente de Volaris, quienes marcaron oficialmente el arranque de esta conexi\u00f3n que acerca a los viajeros a uno de los destinos m\u00e1s vibrantes del Pac\u00edfico mexicano. Como parte de este nuevo vuelo, se llev\u00f3 a cabo un viaje de familiarizaci\u00f3n (FAM) con agentes de viajes, quienes tuvieron la oportunidad de experimentar de primera mano [&hellip;]<\/p>\n","protected":false},"author":7,"featured_media":57568,"comment_status":"open","ping_status":"open","sticky":false,"template":"","format":"standard","meta":{"footnotes":""},"categories":[576,12],"tags":[],"class_list":["post-57567","post","type-post","status-publish","format-standard","has-post-thumbnail","hentry","category-app","category-clic"],"_links":{"self":[{"href":"https:\/\/abzturistico.com\/index.php?rest_route=\/wp\/v2\/posts\/57567","targetHints":{"allow":["GET"]}}],"collection":[{"href":"https:\/\/abzturistico.com\/index.php?rest_route=\/wp\/v2\/posts"}],"about":[{"href":"https:\/\/abzturistico.com\/index.php?rest_route=\/wp\/v2\/types\/post"}],"author":[{"embeddable":true,"href":"https:\/\/abzturistico.com\/index.php?rest_route=\/wp\/v2\/users\/7"}],"replies":[{"embeddable":true,"href":"https:\/\/abzturistico.com\/index.php?rest_route=%2Fwp%2Fv2%2Fcomments&post=57567"}],"version-history":[{"count":1,"href":"https:\/\/abzturistico.com\/index.php?rest_route=\/wp\/v2\/posts\/57567\/revisions"}],"predecessor-version":[{"id":57584,"href":"https:\/\/abzturistico.com\/index.php?rest_route=\/wp\/v2\/posts\/57567\/revisions\/57584"}],"wp:featuredmedia":[{"embeddable":true,"href":"https:\/\/abzturistico.com\/index.php?rest_route=\/wp\/v2\/media\/57568"}],"wp:attachment":[{"href":"https:\/\/abzturistico.com\/index.php?rest_route=%2Fwp%2Fv2%2Fmedia&parent=57567"}],"wp:term":[{"taxonomy":"category","embeddable":true,"href":"https:\/\/abzturistico.com\/index.php?rest_route=%2Fwp%2Fv2%2Fcategories&post=57567"},{"taxonomy":"post_tag","embeddable":true,"href":"https:\/\/abzturistico.com\/index.php?rest_route=%2Fwp%2Fv2%2Ftags&post=57567"}],"curies":[{"name":"wp","href":"https:\/\/api.w.org\/{rel}","templated":true}]}}