{"id":57472,"date":"2026-05-01T11:21:33","date_gmt":"2026-05-01T17:21:33","guid":{"rendered":"https:\/\/abzturistico.com\/?p=57472"},"modified":"2026-05-01T11:21:33","modified_gmt":"2026-05-01T17:21:33","slug":"carta-del-director-314","status":"publish","type":"post","link":"https:\/\/abzturistico.com\/?p=57472","title":{"rendered":"Carta del Director 314"},"content":{"rendered":"<p>Hay temas que, por m\u00e1s que formen parte de nuestra vida todos los d\u00edas, pocas veces nos detenemos a mirar con calma.<\/p>\n<p>En lo personal, este mes me lleva inevitablemente a pensar en esas presencias que han estado desde el inicio. En quienes acompa\u00f1an, impulsan, entienden\u2026 incluso cuando eso significa aprender a estar en la distancia. Y aunque no siempre lo decimos, hay v\u00ednculos que siguen siendo ese punto al que regresamos, sin importar en d\u00f3nde estemos.<\/p>\n<p>A partir de ah\u00ed nace el especial de esta edici\u00f3n. Con motivo del D\u00eda de las Madres, en ABZ Tur\u00edstico quisimos ir m\u00e1s all\u00e1 de lo evidente y acercarnos a las historias que viven detr\u00e1s de nuestra industria. Invitamos a nuestros clientes y aliados a compartirnos recuerdos de viajes con sus mam\u00e1s, o bien, siendo ellas mismas mam\u00e1s, los momentos que han construido viajando con sus hijos.<\/p>\n<p>Y fue muy claro encontrar algo en com\u00fan: no se trataba solo de los destinos, sino de lo que sucede en el tiempo que se comparte\u2026 y en el que, muchas veces, se extra\u00f1a.<\/p>\n<p>Porque si hay algo que define a nuestro medio, es justamente ese ritmo que rara vez se detiene. Los viajes constantes, las agendas en movimiento, los d\u00edas fuera de casa. Un ritmo que elegimos, s\u00ed, porque hay algo en esta industria que nos atrapa y nos reta\u2026 pero que tambi\u00e9n implica aprender a convivir con las ausencias.<\/p>\n<p>Ser mam\u00e1 dentro del turismo tiene una dimensi\u00f3n muy particular. No solo por la exigencia profesional, sino por todo lo que ocurre en paralelo: los momentos que a veces se viven a distancia, la log\u00edstica que se vuelve parte de la rutina, el equilibrio que no siempre es perfecto, pero que se construye todos los d\u00edas con intenci\u00f3n y con amor. Por eso, este especial no es solo un homenaje, es tambi\u00e9n un reconocimiento a esas historias que no siempre se ven, pero que est\u00e1n presentes en cada viaje, en cada proyecto y en cada logro.<\/p>\n<p>Y hablando de proyectos que crecen y encuentran nuevas formas de conectar, hay uno muy cercano a nosotros: la Carrera Tur\u00edstica Jes\u00fas Romero, que este a\u00f1o suma una nueva energ\u00eda. Una coincidencia de caminos que nos entusiasma profundamente y que, sin duda, marcar\u00e1 esta edici\u00f3n.<\/p>\n<p>Muy pronto estaremos compartiendo m\u00e1s detalles en nuestras redes sociales. Por ahora, nos quedamos con esa sensaci\u00f3n de ver c\u00f3mo las historias que nacen desde lo m\u00e1s personal siguen encontrando eco en m\u00e1s personas, por eso tambi\u00e9n, los invito a leer esta edici\u00f3n, donde cada uno de los acontecimientos llevan consigo historias, metas y sue\u00f1os.<\/p>\n<p>Gracias, como siempre, por acompa\u00f1arnos.<\/p>\n<p style=\"text-align: right;\"><em>Fabiola Campos Campos<\/em><br \/>\nDirectora General<br \/>\n<strong>ABZ Tur\u00edstico<\/strong><\/p>\n","protected":false},"excerpt":{"rendered":"<p>Hay temas que, por m\u00e1s que formen parte de nuestra vida todos los d\u00edas, pocas veces nos detenemos a mirar con calma. En lo personal, este mes me lleva inevitablemente a pensar en esas presencias que han estado desde el inicio. En quienes acompa\u00f1an, impulsan, entienden\u2026 incluso cuando eso significa aprender a estar en la distancia. Y aunque no siempre lo decimos, hay v\u00ednculos que siguen siendo ese punto al que regresamos, sin importar en d\u00f3nde estemos. A partir de ah\u00ed nace el especial de esta edici\u00f3n. Con motivo del D\u00eda de las Madres, en ABZ Tur\u00edstico quisimos ir m\u00e1s [&hellip;]<\/p>\n","protected":false},"author":7,"featured_media":48497,"comment_status":"open","ping_status":"open","sticky":false,"template":"","format":"standard","meta":{"footnotes":""},"categories":[576,129,247],"tags":[],"class_list":["post-57472","post","type-post","status-publish","format-standard","has-post-thumbnail","hentry","category-app","category-carta-del-director","category-secciones"],"_links":{"self":[{"href":"https:\/\/abzturistico.com\/index.php?rest_route=\/wp\/v2\/posts\/57472","targetHints":{"allow":["GET"]}}],"collection":[{"href":"https:\/\/abzturistico.com\/index.php?rest_route=\/wp\/v2\/posts"}],"about":[{"href":"https:\/\/abzturistico.com\/index.php?rest_route=\/wp\/v2\/types\/post"}],"author":[{"embeddable":true,"href":"https:\/\/abzturistico.com\/index.php?rest_route=\/wp\/v2\/users\/7"}],"replies":[{"embeddable":true,"href":"https:\/\/abzturistico.com\/index.php?rest_route=%2Fwp%2Fv2%2Fcomments&post=57472"}],"version-history":[{"count":1,"href":"https:\/\/abzturistico.com\/index.php?rest_route=\/wp\/v2\/posts\/57472\/revisions"}],"predecessor-version":[{"id":57473,"href":"https:\/\/abzturistico.com\/index.php?rest_route=\/wp\/v2\/posts\/57472\/revisions\/57473"}],"wp:featuredmedia":[{"embeddable":true,"href":"https:\/\/abzturistico.com\/index.php?rest_route=\/wp\/v2\/media\/48497"}],"wp:attachment":[{"href":"https:\/\/abzturistico.com\/index.php?rest_route=%2Fwp%2Fv2%2Fmedia&parent=57472"}],"wp:term":[{"taxonomy":"category","embeddable":true,"href":"https:\/\/abzturistico.com\/index.php?rest_route=%2Fwp%2Fv2%2Fcategories&post=57472"},{"taxonomy":"post_tag","embeddable":true,"href":"https:\/\/abzturistico.com\/index.php?rest_route=%2Fwp%2Fv2%2Ftags&post=57472"}],"curies":[{"name":"wp","href":"https:\/\/api.w.org\/{rel}","templated":true}]}}