{"id":57469,"date":"2026-05-01T11:18:39","date_gmt":"2026-05-01T17:18:39","guid":{"rendered":"https:\/\/abzturistico.com\/?p=57469"},"modified":"2026-05-01T11:18:39","modified_gmt":"2026-05-01T17:18:39","slug":"desde-los-himalayas-314","status":"publish","type":"post","link":"https:\/\/abzturistico.com\/?p=57469","title":{"rendered":"Desde Los Himalayas 314"},"content":{"rendered":"<p>Hola estimado Jes\u00fas, la coincidencia de la vida une caminos y yo tuve la fortuna de coincidir en pocas ocasiones contigo, siempre en reuniones de eventos familiares diversos, donde la atenci\u00f3n se enfocaba en ese momento, en lo que acontec\u00eda.<\/p>\n<p>Pero en la noche de septiembre 17 del 2016, te observ\u00e9 llegar a otro encuentro m\u00e1s pero de diferente \u00edndole, el velorio de mi suegro; estaba yo afuera precisamente cuando te estacionabas, me observaste, nos saludamos y me indicaste que ven\u00edas de las caba\u00f1as en Mazamitla, te acompa\u00f1\u00e9 a la parte interna del recinto y me alej\u00e9\u2026<\/p>\n<p>Cre\u00ed que ser\u00eda el \u00fanico momento de nuestro encuentro esa noche como sol\u00eda ser. Ya pasada la media noche me sent\u00e9 a tomar un caf\u00e9 en el recibidor principal del recinto, pr\u00e1cticamente estaba solo, t\u00fa tambi\u00e9n te serviste una bebida caliente, te acercaste y me preguntaste que exactamente en qu\u00e9 trabajaba, e iniciamos nuestra conversaci\u00f3n. Nos centramos en mis actividades, y regularmente, en mi naturaleza de conversaciones resalto la superficialidad de desempe\u00f1o de nuestro pa\u00eds, incluida su corrupci\u00f3n, y creo que en ese momento se encendi\u00f3 la conversaci\u00f3n en una conexi\u00f3n que nunca hab\u00edamos interactuado, nos quitamos los t\u00edtulos, posici\u00f3n de empresarios y surgi\u00f3 el ser, despu\u00e9s de mi conversaci\u00f3n iniciaste con algunos ejemplos de desempe\u00f1o m\u00e1s all\u00e1 de medallas o viajes, nos enfocamos en la esencia del por qu\u00e9 realmente hacemos algo, que nos impulsa desde el interior.<\/p>\n<p><a href=\"https:\/\/abzturistico.com\/wp-content\/uploads\/2022\/10\/jrp.jpg\"><img loading=\"lazy\" decoding=\"async\" class=\"aligncenter size-full wp-image-44538\" src=\"https:\/\/abzturistico.com\/wp-content\/uploads\/2022\/10\/jrp.jpg\" alt=\"\" width=\"1280\" height=\"820\" srcset=\"https:\/\/abzturistico.com\/wp-content\/uploads\/2022\/10\/jrp.jpg 1280w, https:\/\/abzturistico.com\/wp-content\/uploads\/2022\/10\/jrp-300x192.jpg 300w, https:\/\/abzturistico.com\/wp-content\/uploads\/2022\/10\/jrp-1024x656.jpg 1024w, https:\/\/abzturistico.com\/wp-content\/uploads\/2022\/10\/jrp-768x492.jpg 768w, https:\/\/abzturistico.com\/wp-content\/uploads\/2022\/10\/jrp-400x256.jpg 400w, https:\/\/abzturistico.com\/wp-content\/uploads\/2022\/10\/jrp-937x600.jpg 937w\" sizes=\"auto, (max-width: 1280px) 100vw, 1280px\" \/><\/a><\/p>\n<p>Dialogaste la importancia de la disciplina para la preparaci\u00f3n de los maratones y c\u00f3mo eso te ayud\u00f3, la caminata de Santiago y c\u00f3mo en esa traves\u00eda fueron tus encuentros con tu interior y cambios significativos que surgieron en tu persona. Algo intenso y dif\u00edcil de dialogar, pero creo que la apertura, sinceridad y respeto en nuestras conversaciones dieron la oportunidad de identificar un mismo fin en nuestra esencia humana, conocernos y potencializar nuestro ser con una finalidad, el trascender, y en esa noche escuch\u00e9 tu gran inter\u00e9s de estar en uno de los Monasterios del T\u00edbet, pero a su vez paramos de arreglar el mundo, regresamos los pies a la tierra y recordamos que estamos en esta posici\u00f3n actual terrenal pasajera para cumplir cambios en nosotros y los que dependen de nosotros siendo empresarios no de etiqueta, sino de fondo, en el contexto del d\u00eda a d\u00eda y en lo que tenemos la capacidad y recursos de lograr la mejora integral y sin darnos nunca por vencidos, ese momento qued\u00f3 grabado en mi vida, gracias por esa gran conversaci\u00f3n desde este lado.<\/p>\n<p><a href=\"https:\/\/abzturistico.com\/wp-content\/uploads\/2026\/05\/HIMALAYAS-primop.jpeg\"><img loading=\"lazy\" decoding=\"async\" class=\"aligncenter size-full wp-image-57470\" src=\"https:\/\/abzturistico.com\/wp-content\/uploads\/2026\/05\/HIMALAYAS-primop.jpeg\" alt=\"\" width=\"1280\" height=\"852\" srcset=\"https:\/\/abzturistico.com\/wp-content\/uploads\/2026\/05\/HIMALAYAS-primop.jpeg 1280w, https:\/\/abzturistico.com\/wp-content\/uploads\/2026\/05\/HIMALAYAS-primop-300x200.jpeg 300w, https:\/\/abzturistico.com\/wp-content\/uploads\/2026\/05\/HIMALAYAS-primop-1024x682.jpeg 1024w, https:\/\/abzturistico.com\/wp-content\/uploads\/2026\/05\/HIMALAYAS-primop-768x511.jpeg 768w, https:\/\/abzturistico.com\/wp-content\/uploads\/2026\/05\/HIMALAYAS-primop-400x266.jpeg 400w, https:\/\/abzturistico.com\/wp-content\/uploads\/2026\/05\/HIMALAYAS-primop-901x600.jpeg 901w\" sizes=\"auto, (max-width: 1280px) 100vw, 1280px\" \/><\/a><\/p>\n<p style=\"text-align: right;\"><strong>Jes\u00fas Efr\u00e9n Guzm\u00e1n de Avila<\/strong>.<\/p>\n<p style=\"text-align: right;\">\u201c<em>La vida no es la que uno vivi\u00f3, <\/em><em>sino la que uno recuerda y c\u00f3mo <\/em><em>la recuerda para contarla<\/em>\u201d.<br \/>\n<strong>Gabriel Garc\u00eda M\u00e1rquez<\/strong><\/p>\n","protected":false},"excerpt":{"rendered":"<p>Hola estimado Jes\u00fas, la coincidencia de la vida une caminos y yo tuve la fortuna de coincidir en pocas ocasiones contigo, siempre en reuniones de eventos familiares diversos, donde la atenci\u00f3n se enfocaba en ese momento, en lo que acontec\u00eda. Pero en la noche de septiembre 17 del 2016, te observ\u00e9 llegar a otro encuentro m\u00e1s pero de diferente \u00edndole, el velorio de mi suegro; estaba yo afuera precisamente cuando te estacionabas, me observaste, nos saludamos y me indicaste que ven\u00edas de las caba\u00f1as en Mazamitla, te acompa\u00f1\u00e9 a la parte interna del recinto y me alej\u00e9\u2026 Cre\u00ed que ser\u00eda [&hellip;]<\/p>\n","protected":false},"author":7,"featured_media":57470,"comment_status":"open","ping_status":"open","sticky":false,"template":"","format":"standard","meta":{"footnotes":""},"categories":[576,588,247],"tags":[],"class_list":["post-57469","post","type-post","status-publish","format-standard","has-post-thumbnail","hentry","category-app","category-desde-los-himalayas","category-secciones"],"_links":{"self":[{"href":"https:\/\/abzturistico.com\/index.php?rest_route=\/wp\/v2\/posts\/57469","targetHints":{"allow":["GET"]}}],"collection":[{"href":"https:\/\/abzturistico.com\/index.php?rest_route=\/wp\/v2\/posts"}],"about":[{"href":"https:\/\/abzturistico.com\/index.php?rest_route=\/wp\/v2\/types\/post"}],"author":[{"embeddable":true,"href":"https:\/\/abzturistico.com\/index.php?rest_route=\/wp\/v2\/users\/7"}],"replies":[{"embeddable":true,"href":"https:\/\/abzturistico.com\/index.php?rest_route=%2Fwp%2Fv2%2Fcomments&post=57469"}],"version-history":[{"count":1,"href":"https:\/\/abzturistico.com\/index.php?rest_route=\/wp\/v2\/posts\/57469\/revisions"}],"predecessor-version":[{"id":57471,"href":"https:\/\/abzturistico.com\/index.php?rest_route=\/wp\/v2\/posts\/57469\/revisions\/57471"}],"wp:featuredmedia":[{"embeddable":true,"href":"https:\/\/abzturistico.com\/index.php?rest_route=\/wp\/v2\/media\/57470"}],"wp:attachment":[{"href":"https:\/\/abzturistico.com\/index.php?rest_route=%2Fwp%2Fv2%2Fmedia&parent=57469"}],"wp:term":[{"taxonomy":"category","embeddable":true,"href":"https:\/\/abzturistico.com\/index.php?rest_route=%2Fwp%2Fv2%2Fcategories&post=57469"},{"taxonomy":"post_tag","embeddable":true,"href":"https:\/\/abzturistico.com\/index.php?rest_route=%2Fwp%2Fv2%2Ftags&post=57469"}],"curies":[{"name":"wp","href":"https:\/\/api.w.org\/{rel}","templated":true}]}}