{"id":57429,"date":"2026-05-01T11:13:22","date_gmt":"2026-05-01T17:13:22","guid":{"rendered":"https:\/\/abzturistico.com\/?p=57429"},"modified":"2026-05-01T11:13:22","modified_gmt":"2026-05-01T17:13:22","slug":"viajes-que-abrazan-el-corazon","status":"publish","type":"post","link":"https:\/\/abzturistico.com\/?p=57429","title":{"rendered":"Viajes que abrazan el coraz\u00f3n"},"content":{"rendered":"<p>En honor al D\u00eda de las Madres quisimos adentrarnos a los recuerdos que se han resguardado en nuestro coraz\u00f3n. Aquel viaje en donde mam\u00e1 se convirti\u00f3 en nuestra compa\u00f1era de aventuras o aquellas vacaciones en familia que se atesoran porque reunirse es complicado.<\/p>\n<p>Los viajes tienen un encanto especial, nos permiten descubrir no solo nuevos lugares, sino tambi\u00e9n las facetas de mam\u00e1 o el asombro de los hijos. Nos plantea otra visi\u00f3n y significado de lo que representa estar presente. Por ello, creamos un espacio para conocer aquella an\u00e9cdota que por m\u00e1s que el tiempo pase no se borra, y sobre todo, que nos ha acompa\u00f1ado en el camino como un valioso tesoro. Porque apreciar los recuerdos es entender que hay momentos que no se repiten y que deben cuidarse, hoy queremos retomarlos y hacerles recordar que a veces no es el lugar al que viajas, simplemente es la compa\u00f1\u00eda que hace de ese viaje uno inolvidable.<\/p>\n<p><a href=\"https:\/\/abzturistico.com\/wp-content\/uploads\/2026\/05\/Especial-10-mayo.jpeg\"><img loading=\"lazy\" decoding=\"async\" class=\"aligncenter size-full wp-image-57442\" src=\"https:\/\/abzturistico.com\/wp-content\/uploads\/2026\/05\/Especial-10-mayo.jpeg\" alt=\"\" width=\"1280\" height=\"799\" srcset=\"https:\/\/abzturistico.com\/wp-content\/uploads\/2026\/05\/Especial-10-mayo.jpeg 1280w, https:\/\/abzturistico.com\/wp-content\/uploads\/2026\/05\/Especial-10-mayo-300x187.jpeg 300w, https:\/\/abzturistico.com\/wp-content\/uploads\/2026\/05\/Especial-10-mayo-1024x639.jpeg 1024w, https:\/\/abzturistico.com\/wp-content\/uploads\/2026\/05\/Especial-10-mayo-768x479.jpeg 768w, https:\/\/abzturistico.com\/wp-content\/uploads\/2026\/05\/Especial-10-mayo-400x250.jpeg 400w, https:\/\/abzturistico.com\/wp-content\/uploads\/2026\/05\/Especial-10-mayo-961x600.jpeg 961w\" sizes=\"auto, (max-width: 1280px) 100vw, 1280px\" \/><\/a><\/p>\n<h2 style=\"text-align: center;\"><em>Un recuerdo que perdura<\/em><\/h2>\n<p><a href=\"https:\/\/abzturistico.com\/wp-content\/uploads\/2026\/05\/Abraham-Perez.jpeg\"><img loading=\"lazy\" decoding=\"async\" class=\"aligncenter size-full wp-image-57431\" src=\"https:\/\/abzturistico.com\/wp-content\/uploads\/2026\/05\/Abraham-Perez.jpeg\" alt=\"\" width=\"1001\" height=\"960\" srcset=\"https:\/\/abzturistico.com\/wp-content\/uploads\/2026\/05\/Abraham-Perez.jpeg 1001w, https:\/\/abzturistico.com\/wp-content\/uploads\/2026\/05\/Abraham-Perez-300x288.jpeg 300w, https:\/\/abzturistico.com\/wp-content\/uploads\/2026\/05\/Abraham-Perez-768x737.jpeg 768w, https:\/\/abzturistico.com\/wp-content\/uploads\/2026\/05\/Abraham-Perez-400x384.jpeg 400w, https:\/\/abzturistico.com\/wp-content\/uploads\/2026\/05\/Abraham-Perez-626x600.jpeg 626w\" sizes=\"auto, (max-width: 1001px) 100vw, 1001px\" \/><\/a><\/p>\n<p style=\"text-align: center;\"><strong>Abraham P\u00e9rez<\/strong><\/p>\n<p style=\"text-align: center;\"><em>En diciembre de 2019 fuimos en familia a Guadalajara, <\/em><em>en ese entonces yo viv\u00eda en Monterrey, y jam\u00e1s imagin\u00e9 <\/em><em>que a\u00f1os despu\u00e9s terminar\u00eda viviendo ah\u00ed. Siempre, cada <\/em><em>vez que pasaba por los lugares que recorrimos juntos, los <\/em><em>recuerdos regresan y ella siempre est\u00e1 presente conmigo.<\/em><\/p>\n<p style=\"text-align: center;\"><a href=\"https:\/\/abzturistico.com\/wp-content\/uploads\/2026\/05\/ALEX-BARRERA.jpeg\"><img loading=\"lazy\" decoding=\"async\" class=\"aligncenter size-full wp-image-57432\" src=\"https:\/\/abzturistico.com\/wp-content\/uploads\/2026\/05\/ALEX-BARRERA.jpeg\" alt=\"\" width=\"806\" height=\"1280\" srcset=\"https:\/\/abzturistico.com\/wp-content\/uploads\/2026\/05\/ALEX-BARRERA.jpeg 806w, https:\/\/abzturistico.com\/wp-content\/uploads\/2026\/05\/ALEX-BARRERA-189x300.jpeg 189w, https:\/\/abzturistico.com\/wp-content\/uploads\/2026\/05\/ALEX-BARRERA-645x1024.jpeg 645w, https:\/\/abzturistico.com\/wp-content\/uploads\/2026\/05\/ALEX-BARRERA-768x1220.jpeg 768w, https:\/\/abzturistico.com\/wp-content\/uploads\/2026\/05\/ALEX-BARRERA-400x635.jpeg 400w, https:\/\/abzturistico.com\/wp-content\/uploads\/2026\/05\/ALEX-BARRERA-378x600.jpeg 378w\" sizes=\"auto, (max-width: 806px) 100vw, 806px\" \/><\/a><\/p>\n<p style=\"text-align: center;\"><strong>Alexex Barrera<\/strong><\/p>\n<p style=\"text-align: center;\"><em>Los viajes que hac\u00edamos al rancho de sus parientes han sido los m\u00e1s especiales, ya que considero, ve\u00eda a la ni\u00f1a interior de mi mam\u00e1 disfrutando como lo hac\u00eda en su infancia, solo que acompa\u00f1ada de su cachorro (yo mero). Me encantaba como me platicaba de su infancia y sus vivencias con mis t\u00edos y abuelos, y c\u00f3mo se esmeraba porque yo me la pasara igual de bien.<\/em><\/p>\n<p><a href=\"https:\/\/abzturistico.com\/wp-content\/uploads\/2026\/05\/Alonso-Yerena.jpg\"><img loading=\"lazy\" decoding=\"async\" class=\"aligncenter size-full wp-image-57433\" src=\"https:\/\/abzturistico.com\/wp-content\/uploads\/2026\/05\/Alonso-Yerena.jpg\" alt=\"\" width=\"1034\" height=\"723\" srcset=\"https:\/\/abzturistico.com\/wp-content\/uploads\/2026\/05\/Alonso-Yerena.jpg 1034w, https:\/\/abzturistico.com\/wp-content\/uploads\/2026\/05\/Alonso-Yerena-300x210.jpg 300w, https:\/\/abzturistico.com\/wp-content\/uploads\/2026\/05\/Alonso-Yerena-1024x716.jpg 1024w, https:\/\/abzturistico.com\/wp-content\/uploads\/2026\/05\/Alonso-Yerena-768x537.jpg 768w, https:\/\/abzturistico.com\/wp-content\/uploads\/2026\/05\/Alonso-Yerena-400x280.jpg 400w, https:\/\/abzturistico.com\/wp-content\/uploads\/2026\/05\/Alonso-Yerena-858x600.jpg 858w\" sizes=\"auto, (max-width: 1034px) 100vw, 1034px\" \/><\/a><\/p>\n<p style=\"text-align: center;\"><strong>Alonso Yerena<\/strong><\/p>\n<p style=\"text-align: center;\"><em>Fuimos a Talpa de Allende para visitar a la Virgen de Talpa. Ese d\u00eda est\u00e1bamos todos: mis padres, mis tres hermanas, mi hermano y yo. Algo tan simple, pero tan poco com\u00fan en nuestra historia. Recuerdo especialmente a mi mam\u00e1\u2026 feliz. De una forma distinta, profunda. Como si ese momento, tenernos a todos cerca, fuera suficiente para llenar todo.<\/em><\/p>\n<p style=\"text-align: center;\"><a href=\"https:\/\/abzturistico.com\/wp-content\/uploads\/2026\/05\/BEN-Diaz.jpg\"><img loading=\"lazy\" decoding=\"async\" class=\"aligncenter size-full wp-image-57434\" src=\"https:\/\/abzturistico.com\/wp-content\/uploads\/2026\/05\/BEN-Diaz.jpg\" alt=\"\" width=\"1026\" height=\"766\" srcset=\"https:\/\/abzturistico.com\/wp-content\/uploads\/2026\/05\/BEN-Diaz.jpg 1026w, https:\/\/abzturistico.com\/wp-content\/uploads\/2026\/05\/BEN-Diaz-300x224.jpg 300w, https:\/\/abzturistico.com\/wp-content\/uploads\/2026\/05\/BEN-Diaz-1024x765.jpg 1024w, https:\/\/abzturistico.com\/wp-content\/uploads\/2026\/05\/BEN-Diaz-768x573.jpg 768w, https:\/\/abzturistico.com\/wp-content\/uploads\/2026\/05\/BEN-Diaz-400x299.jpg 400w, https:\/\/abzturistico.com\/wp-content\/uploads\/2026\/05\/BEN-Diaz-804x600.jpg 804w\" sizes=\"auto, (max-width: 1026px) 100vw, 1026px\" \/><\/a><\/p>\n<p style=\"text-align: center;\"><strong>Ben D\u00edaz<\/strong><\/p>\n<p style=\"text-align: center;\"><em>Recorrimos juntos Nueva York, Washington, Philadelphia, Pittsburgh, las Cataratas del Ni\u00e1gara y Toronto acompa\u00f1ados de todos mis hijos y Adriana. Fue una experiencia \u00fanica, porque conocimos lugares incre\u00edbles, vivimos momentos muy significativos entre generaciones, viendo a mi mam\u00e1 disfrutar junto a sus nietos cada paso del camino.<\/em><\/p>\n<p style=\"text-align: center;\"><a href=\"https:\/\/abzturistico.com\/wp-content\/uploads\/2026\/05\/Brian-Melia.jpg\"><img loading=\"lazy\" decoding=\"async\" class=\"aligncenter size-full wp-image-57435\" src=\"https:\/\/abzturistico.com\/wp-content\/uploads\/2026\/05\/Brian-Melia.jpg\" alt=\"\" width=\"768\" height=\"1024\" srcset=\"https:\/\/abzturistico.com\/wp-content\/uploads\/2026\/05\/Brian-Melia.jpg 768w, https:\/\/abzturistico.com\/wp-content\/uploads\/2026\/05\/Brian-Melia-225x300.jpg 225w, https:\/\/abzturistico.com\/wp-content\/uploads\/2026\/05\/Brian-Melia-400x533.jpg 400w, https:\/\/abzturistico.com\/wp-content\/uploads\/2026\/05\/Brian-Melia-450x600.jpg 450w\" sizes=\"auto, (max-width: 768px) 100vw, 768px\" \/><\/a><\/p>\n<p style=\"text-align: center;\"><strong>Brian L\u00f3pez<\/strong><\/p>\n<p style=\"text-align: center;\"><em>El viaje m\u00e1s especial que he tenido con mi mam\u00e1 fue una <\/em><em>Semana Santa en la que nos fuimos a Mazatl\u00e1n y disfrutamos <\/em><em>de esos d\u00edas conociendo el destino y la rica gastronom\u00eda <\/em><em>que ofrece el Pac\u00edfico.<\/em><\/p>\n<p style=\"text-align: center;\"><a href=\"https:\/\/abzturistico.com\/wp-content\/uploads\/2026\/05\/CARLOS-GOMEZ.jpeg\"><img loading=\"lazy\" decoding=\"async\" class=\"aligncenter size-full wp-image-57436\" src=\"https:\/\/abzturistico.com\/wp-content\/uploads\/2026\/05\/CARLOS-GOMEZ.jpeg\" alt=\"\" width=\"1280\" height=\"853\" srcset=\"https:\/\/abzturistico.com\/wp-content\/uploads\/2026\/05\/CARLOS-GOMEZ.jpeg 1280w, https:\/\/abzturistico.com\/wp-content\/uploads\/2026\/05\/CARLOS-GOMEZ-300x200.jpeg 300w, https:\/\/abzturistico.com\/wp-content\/uploads\/2026\/05\/CARLOS-GOMEZ-1024x682.jpeg 1024w, https:\/\/abzturistico.com\/wp-content\/uploads\/2026\/05\/CARLOS-GOMEZ-768x512.jpeg 768w, https:\/\/abzturistico.com\/wp-content\/uploads\/2026\/05\/CARLOS-GOMEZ-400x267.jpeg 400w, https:\/\/abzturistico.com\/wp-content\/uploads\/2026\/05\/CARLOS-GOMEZ-900x600.jpeg 900w\" sizes=\"auto, (max-width: 1280px) 100vw, 1280px\" \/><\/a><\/p>\n<p style=\"text-align: center;\"><strong>Carlos G\u00f3mez<\/strong><\/p>\n<p style=\"text-align: center;\"><em>Hay viajes que se disfrutan, y otros que se quedan <\/em><em>profundamente contigo. Este a\u00f1o, el Carnaval <\/em><em>Internacional de Mazatl\u00e1n lo viv\u00ed una vez <\/em><em>m\u00e1s en familia y con mi mam\u00e1. Cada viaje que <\/em><em>hemos compartido se vuelve especial. Entre <\/em><em>la alegr\u00eda, la m\u00fasica y la magia de Mazatl\u00e1n, <\/em><em>me quedo con lo m\u00e1s valioso: seguir sumando <\/em><em>recuerdos con ella.<\/em><\/p>\n<p style=\"text-align: center;\"><a href=\"https:\/\/abzturistico.com\/wp-content\/uploads\/2026\/05\/Caro-Romero.jpg\"><img loading=\"lazy\" decoding=\"async\" class=\"aligncenter size-full wp-image-57437\" src=\"https:\/\/abzturistico.com\/wp-content\/uploads\/2026\/05\/Caro-Romero.jpg\" alt=\"\" width=\"703\" height=\"1280\" srcset=\"https:\/\/abzturistico.com\/wp-content\/uploads\/2026\/05\/Caro-Romero.jpg 703w, https:\/\/abzturistico.com\/wp-content\/uploads\/2026\/05\/Caro-Romero-165x300.jpg 165w, https:\/\/abzturistico.com\/wp-content\/uploads\/2026\/05\/Caro-Romero-562x1024.jpg 562w, https:\/\/abzturistico.com\/wp-content\/uploads\/2026\/05\/Caro-Romero-400x728.jpg 400w, https:\/\/abzturistico.com\/wp-content\/uploads\/2026\/05\/Caro-Romero-330x600.jpg 330w\" sizes=\"auto, (max-width: 703px) 100vw, 703px\" \/><\/a><\/p>\n<p style=\"text-align: center;\"><strong>Carolina Romero<\/strong><\/p>\n<p style=\"text-align: center;\"><em>El viaje m\u00e1s especial que tuve con mi mam\u00e1 fue cuando, por primera vez, pudo subirse a un avi\u00f3n y conocer un Todo Incluido. No tengo palabras para describir la satisfacci\u00f3n de regresarle, aunque sea un poquito, lo mucho que ha entregado y hecho por m\u00ed.<\/em><\/p>\n<p><a href=\"https:\/\/abzturistico.com\/wp-content\/uploads\/2026\/05\/Delia-Zuniga.jpeg\"><img loading=\"lazy\" decoding=\"async\" class=\"aligncenter size-full wp-image-57438\" src=\"https:\/\/abzturistico.com\/wp-content\/uploads\/2026\/05\/Delia-Zuniga.jpeg\" alt=\"\" width=\"1280\" height=\"960\" srcset=\"https:\/\/abzturistico.com\/wp-content\/uploads\/2026\/05\/Delia-Zuniga.jpeg 1280w, https:\/\/abzturistico.com\/wp-content\/uploads\/2026\/05\/Delia-Zuniga-300x225.jpeg 300w, https:\/\/abzturistico.com\/wp-content\/uploads\/2026\/05\/Delia-Zuniga-1024x768.jpeg 1024w, https:\/\/abzturistico.com\/wp-content\/uploads\/2026\/05\/Delia-Zuniga-768x576.jpeg 768w, https:\/\/abzturistico.com\/wp-content\/uploads\/2026\/05\/Delia-Zuniga-400x300.jpeg 400w, https:\/\/abzturistico.com\/wp-content\/uploads\/2026\/05\/Delia-Zuniga-800x600.jpeg 800w\" sizes=\"auto, (max-width: 1280px) 100vw, 1280px\" \/><\/a><\/p>\n<p style=\"text-align: center;\"><strong>Delia Z\u00fa\u00f1iga<\/strong><\/p>\n<p style=\"text-align: center;\"><em>Viajar al lugar m\u00e1s feliz del mundo es nuestro lugar favorito, <\/em><em>disfrutamos cada rinc\u00f3n como si fuera la primera vez.<\/em><\/p>\n<p style=\"text-align: center;\"><a href=\"https:\/\/abzturistico.com\/wp-content\/uploads\/2026\/05\/DiegoOntanon.jpg\"><img loading=\"lazy\" decoding=\"async\" class=\"aligncenter size-full wp-image-57439\" src=\"https:\/\/abzturistico.com\/wp-content\/uploads\/2026\/05\/DiegoOntanon.jpg\" alt=\"\" width=\"960\" height=\"1280\" srcset=\"https:\/\/abzturistico.com\/wp-content\/uploads\/2026\/05\/DiegoOntanon.jpg 960w, https:\/\/abzturistico.com\/wp-content\/uploads\/2026\/05\/DiegoOntanon-225x300.jpg 225w, https:\/\/abzturistico.com\/wp-content\/uploads\/2026\/05\/DiegoOntanon-768x1024.jpg 768w, https:\/\/abzturistico.com\/wp-content\/uploads\/2026\/05\/DiegoOntanon-400x533.jpg 400w, https:\/\/abzturistico.com\/wp-content\/uploads\/2026\/05\/DiegoOntanon-450x600.jpg 450w\" sizes=\"auto, (max-width: 960px) 100vw, 960px\" \/><\/a><\/p>\n<p style=\"text-align: center;\"><strong>Diego Onta\u00f1\u00f3n<\/strong><\/p>\n<p style=\"text-align: center;\"><em>Un fant\u00e1stico viaje que hicimos ella y yo solos fue a Orlando, una semana antes de mi boda, sin imaginar que tres meses despu\u00e9s ella iniciar\u00eda un viaje al cielo sin regreso. Fue un gran regalo de Dios para despedirla.<\/em><\/p>\n<p style=\"text-align: center;\"><a href=\"https:\/\/abzturistico.com\/wp-content\/uploads\/2026\/05\/DSC00056.jpeg\"><img loading=\"lazy\" decoding=\"async\" class=\"aligncenter size-full wp-image-57440\" src=\"https:\/\/abzturistico.com\/wp-content\/uploads\/2026\/05\/DSC00056.jpeg\" alt=\"\" width=\"1280\" height=\"853\" srcset=\"https:\/\/abzturistico.com\/wp-content\/uploads\/2026\/05\/DSC00056.jpeg 1280w, https:\/\/abzturistico.com\/wp-content\/uploads\/2026\/05\/DSC00056-300x200.jpeg 300w, https:\/\/abzturistico.com\/wp-content\/uploads\/2026\/05\/DSC00056-1024x682.jpeg 1024w, https:\/\/abzturistico.com\/wp-content\/uploads\/2026\/05\/DSC00056-768x512.jpeg 768w, https:\/\/abzturistico.com\/wp-content\/uploads\/2026\/05\/DSC00056-400x267.jpeg 400w, https:\/\/abzturistico.com\/wp-content\/uploads\/2026\/05\/DSC00056-900x600.jpeg 900w\" sizes=\"auto, (max-width: 1280px) 100vw, 1280px\" \/><\/a><\/p>\n<p style=\"text-align: center;\"><strong>Eliseo G\u00f3mez<\/strong><\/p>\n<p style=\"text-align: center;\"><em>Mi madre no es partidaria de salir de viaje, sin embargo, dentro de las actividades que ten\u00edamos juntos era recorrer los cafetales para cortar sus semillas y estar ah\u00ed era la oportunidad perfecta para pasar tiempo juntos.<\/em><\/p>\n<p><a href=\"https:\/\/abzturistico.com\/wp-content\/uploads\/2026\/05\/Erika-Gonzalez.jpg\"><img loading=\"lazy\" decoding=\"async\" class=\"aligncenter size-full wp-image-57441\" src=\"https:\/\/abzturistico.com\/wp-content\/uploads\/2026\/05\/Erika-Gonzalez.jpg\" alt=\"\" width=\"768\" height=\"1024\" srcset=\"https:\/\/abzturistico.com\/wp-content\/uploads\/2026\/05\/Erika-Gonzalez.jpg 768w, https:\/\/abzturistico.com\/wp-content\/uploads\/2026\/05\/Erika-Gonzalez-225x300.jpg 225w, https:\/\/abzturistico.com\/wp-content\/uploads\/2026\/05\/Erika-Gonzalez-400x533.jpg 400w, https:\/\/abzturistico.com\/wp-content\/uploads\/2026\/05\/Erika-Gonzalez-450x600.jpg 450w\" sizes=\"auto, (max-width: 768px) 100vw, 768px\" \/><\/a><\/p>\n<p style=\"text-align: center;\"><strong>Erika Gonz\u00e1lez<\/strong><\/p>\n<p style=\"text-align: center;\"><em>El viaje m\u00e1s especial fue apenas hace un mes, <\/em><em>cuando mis hermanos y yo llevamos a mi mam\u00e1 <\/em><em>al destino que siempre hab\u00eda so\u00f1ado: Egipto. Ver <\/em><em>su cara de felicidad fue uno de los momentos m\u00e1s <\/em><em>bonitos que he vivido. Disfrutamos juntas cada <\/em><em>recorrido, cada templo y cada instante. En sus ojos <\/em><em>ve\u00edas la alegr\u00eda de estar en un lugar tan m\u00e1gico <\/em><em>acompa\u00f1ada de sus hijos. Esos momentos son de <\/em><em>lo mejor que puede regalar la vida.<\/em><\/p>\n<p><a href=\"https:\/\/abzturistico.com\/wp-content\/uploads\/2026\/05\/German-Castaneda.jpeg\"><img loading=\"lazy\" decoding=\"async\" class=\"aligncenter size-full wp-image-57443\" src=\"https:\/\/abzturistico.com\/wp-content\/uploads\/2026\/05\/German-Castaneda.jpeg\" alt=\"\" width=\"960\" height=\"1279\" srcset=\"https:\/\/abzturistico.com\/wp-content\/uploads\/2026\/05\/German-Castaneda.jpeg 960w, https:\/\/abzturistico.com\/wp-content\/uploads\/2026\/05\/German-Castaneda-225x300.jpeg 225w, https:\/\/abzturistico.com\/wp-content\/uploads\/2026\/05\/German-Castaneda-769x1024.jpeg 769w, https:\/\/abzturistico.com\/wp-content\/uploads\/2026\/05\/German-Castaneda-768x1023.jpeg 768w, https:\/\/abzturistico.com\/wp-content\/uploads\/2026\/05\/German-Castaneda-400x533.jpeg 400w, https:\/\/abzturistico.com\/wp-content\/uploads\/2026\/05\/German-Castaneda-450x600.jpeg 450w\" sizes=\"auto, (max-width: 960px) 100vw, 960px\" \/><\/a><\/p>\n<p style=\"text-align: center;\"><strong>Germ\u00e1n Casta\u00f1eda<\/strong><\/p>\n<p style=\"text-align: center;\"><em>Fue un viaje que decidimos hacer en familia, primero viajamos a Madrid, despu\u00e9s fuimos en tren a Barcelona, y ah\u00ed nos embarcamos en el crucero Symphony of the Seas de Royal Caribbean. La ruta fue: Barcelona, Palma de Mallorca, Florencia, Pisa, Roma, N\u00e1poles, Capri y regreso a Barcelona. Estuvimos una semana en Espa\u00f1a y la otra de crucero.<\/em><\/p>\n<p><a href=\"https:\/\/abzturistico.com\/wp-content\/uploads\/2026\/05\/Hector-Mireles.jpeg\"><img loading=\"lazy\" decoding=\"async\" class=\"aligncenter size-full wp-image-57444\" src=\"https:\/\/abzturistico.com\/wp-content\/uploads\/2026\/05\/Hector-Mireles.jpeg\" alt=\"\" width=\"1280\" height=\"960\" srcset=\"https:\/\/abzturistico.com\/wp-content\/uploads\/2026\/05\/Hector-Mireles.jpeg 1280w, https:\/\/abzturistico.com\/wp-content\/uploads\/2026\/05\/Hector-Mireles-300x225.jpeg 300w, https:\/\/abzturistico.com\/wp-content\/uploads\/2026\/05\/Hector-Mireles-1024x768.jpeg 1024w, https:\/\/abzturistico.com\/wp-content\/uploads\/2026\/05\/Hector-Mireles-768x576.jpeg 768w, https:\/\/abzturistico.com\/wp-content\/uploads\/2026\/05\/Hector-Mireles-400x300.jpeg 400w, https:\/\/abzturistico.com\/wp-content\/uploads\/2026\/05\/Hector-Mireles-800x600.jpeg 800w\" sizes=\"auto, (max-width: 1280px) 100vw, 1280px\" \/><\/a><\/p>\n<p style=\"text-align: center;\"><strong>H\u00e9ctor Mireles<\/strong><\/p>\n<p style=\"text-align: center;\"><em>El viaje m\u00e1s importante con mi madre no fue a un destino tur\u00edstico, sino el que repet\u00edamos cada a\u00f1o hacia Le\u00f3n, Guanajuato. \u00cdbamos ella, sus tres hermanas y yo; un trayecto que disfrutaba profundamente al verlas rebosar de alegr\u00eda. Lo verdaderamente especial suced\u00eda en la carretera: charlas largas y entretenidas alimentadas por la ilusi\u00f3n de visitar a su t\u00eda y primos.<\/em><\/p>\n<p style=\"text-align: center;\"><a href=\"https:\/\/abzturistico.com\/wp-content\/uploads\/2026\/05\/HugoPreciado.jpeg\"><img loading=\"lazy\" decoding=\"async\" class=\"aligncenter size-full wp-image-57445\" src=\"https:\/\/abzturistico.com\/wp-content\/uploads\/2026\/05\/HugoPreciado.jpeg\" alt=\"\" width=\"1280\" height=\"813\" srcset=\"https:\/\/abzturistico.com\/wp-content\/uploads\/2026\/05\/HugoPreciado.jpeg 1280w, https:\/\/abzturistico.com\/wp-content\/uploads\/2026\/05\/HugoPreciado-300x191.jpeg 300w, https:\/\/abzturistico.com\/wp-content\/uploads\/2026\/05\/HugoPreciado-1024x650.jpeg 1024w, https:\/\/abzturistico.com\/wp-content\/uploads\/2026\/05\/HugoPreciado-768x488.jpeg 768w, https:\/\/abzturistico.com\/wp-content\/uploads\/2026\/05\/HugoPreciado-400x254.jpeg 400w, https:\/\/abzturistico.com\/wp-content\/uploads\/2026\/05\/HugoPreciado-945x600.jpeg 945w\" sizes=\"auto, (max-width: 1280px) 100vw, 1280px\" \/><\/a><\/p>\n<p style=\"text-align: center;\"><strong>Hugo Preciado<\/strong><\/p>\n<p><em>Uno de mis sue\u00f1os cumplidos fue que mi madre viviera su primera experiencia viajando en avi\u00f3n. Nuestra aventura inici\u00f3 en Chihuahua, recorriendo las Barrancas del Cobre a bordo del Chepe. Luego Topolobampo, Sinaloa, ah\u00ed abordamos un ferry para descubrir algunas de las playas m\u00e1s bellas de La Paz y finalmente Los Cabos. Lo mejor de todo fue ver a mi madre emocionada de principio a fin, y escucharla decir que ha sido de las experiencias m\u00e1s hermosas e inolvidables de su vida.<\/em><\/p>\n<p style=\"text-align: center;\"><a href=\"https:\/\/abzturistico.com\/wp-content\/uploads\/2026\/05\/Jocelyn-Martinez.jpeg\"><img loading=\"lazy\" decoding=\"async\" class=\"aligncenter size-full wp-image-57446\" src=\"https:\/\/abzturistico.com\/wp-content\/uploads\/2026\/05\/Jocelyn-Martinez.jpeg\" alt=\"\" width=\"960\" height=\"1200\" srcset=\"https:\/\/abzturistico.com\/wp-content\/uploads\/2026\/05\/Jocelyn-Martinez.jpeg 960w, https:\/\/abzturistico.com\/wp-content\/uploads\/2026\/05\/Jocelyn-Martinez-240x300.jpeg 240w, https:\/\/abzturistico.com\/wp-content\/uploads\/2026\/05\/Jocelyn-Martinez-819x1024.jpeg 819w, https:\/\/abzturistico.com\/wp-content\/uploads\/2026\/05\/Jocelyn-Martinez-768x960.jpeg 768w, https:\/\/abzturistico.com\/wp-content\/uploads\/2026\/05\/Jocelyn-Martinez-400x500.jpeg 400w, https:\/\/abzturistico.com\/wp-content\/uploads\/2026\/05\/Jocelyn-Martinez-480x600.jpeg 480w\" sizes=\"auto, (max-width: 960px) 100vw, 960px\" \/><\/a><\/p>\n<p style=\"text-align: center;\"><strong>Jocelyn Mart\u00ednez<\/strong><\/p>\n<p style=\"text-align: center;\"><em>El viaje m\u00e1s memorable que he hecho en compa\u00f1\u00eda de mi mam\u00e1 fue en julio de 2018 a Riviera Nayarit, donde tuvimos la oportunidad de celebrar el 40 aniversario de mis pap\u00e1s y pudimos darles la boda que en su momento no tuvieron.<\/em><\/p>\n<p><a href=\"https:\/\/abzturistico.com\/wp-content\/uploads\/2026\/05\/jorge-benavides-.jpg\"><img loading=\"lazy\" decoding=\"async\" class=\"aligncenter size-full wp-image-57447\" src=\"https:\/\/abzturistico.com\/wp-content\/uploads\/2026\/05\/jorge-benavides-.jpg\" alt=\"\" width=\"1280\" height=\"960\" srcset=\"https:\/\/abzturistico.com\/wp-content\/uploads\/2026\/05\/jorge-benavides-.jpg 1280w, https:\/\/abzturistico.com\/wp-content\/uploads\/2026\/05\/jorge-benavides--300x225.jpg 300w, https:\/\/abzturistico.com\/wp-content\/uploads\/2026\/05\/jorge-benavides--1024x768.jpg 1024w, https:\/\/abzturistico.com\/wp-content\/uploads\/2026\/05\/jorge-benavides--768x576.jpg 768w, https:\/\/abzturistico.com\/wp-content\/uploads\/2026\/05\/jorge-benavides--400x300.jpg 400w, https:\/\/abzturistico.com\/wp-content\/uploads\/2026\/05\/jorge-benavides--800x600.jpg 800w\" sizes=\"auto, (max-width: 1280px) 100vw, 1280px\" \/><\/a><\/p>\n<p style=\"text-align: center;\"><strong>Jorge Benavides<\/strong><\/p>\n<p style=\"text-align: center;\"><em>Hicimos miles de viajes por todo el mundo, pero el m\u00e1s significativo y recordado es en Puerto Vallarta en su hotel preferido: Canto del Sol, porque lo disfrut\u00f3 y vivi\u00f3 al m\u00e1ximo, platicamos y nos disfrutamos mucho, una experiencia que vive y vivir\u00e1 en mi coraz\u00f3n y grandes recuerdos.<\/em><\/p>\n<p><a href=\"https:\/\/abzturistico.com\/wp-content\/uploads\/2026\/05\/JOrgeLeanza.jpg\"><img loading=\"lazy\" decoding=\"async\" class=\"aligncenter size-full wp-image-57448\" src=\"https:\/\/abzturistico.com\/wp-content\/uploads\/2026\/05\/JOrgeLeanza.jpg\" alt=\"\" width=\"562\" height=\"1000\" srcset=\"https:\/\/abzturistico.com\/wp-content\/uploads\/2026\/05\/JOrgeLeanza.jpg 562w, https:\/\/abzturistico.com\/wp-content\/uploads\/2026\/05\/JOrgeLeanza-169x300.jpg 169w, https:\/\/abzturistico.com\/wp-content\/uploads\/2026\/05\/JOrgeLeanza-400x712.jpg 400w, https:\/\/abzturistico.com\/wp-content\/uploads\/2026\/05\/JOrgeLeanza-337x600.jpg 337w\" sizes=\"auto, (max-width: 562px) 100vw, 562px\" \/><\/a><\/p>\n<p style=\"text-align: center;\"><strong>Jorge Leanza<\/strong><\/p>\n<p style=\"text-align: center;\"><em>Siempre viaj\u00e1bamos en familia, con mi pap\u00e1, mi mam\u00e1, mi hermana y yo, y en una ocasi\u00f3n mi pap\u00e1, por cuestiones de trabajo, no ten\u00eda forma de salir de vacaciones, as\u00ed que mi mam\u00e1 dijo \u2018bueno, yo los llevo\u2019. Viajamos a Nueva York. Nos llev\u00f3 a Wall Street, cafeter\u00edas, a los rascacielos, al r\u00edo Hudson, vimos alg\u00fan show en Broadway, \u00e9ramos mi hermana y yo, dos ni\u00f1os y mi mam\u00e1 que se encarg\u00f3 de todo.<\/em><\/p>\n<p><a href=\"https:\/\/abzturistico.com\/wp-content\/uploads\/2026\/05\/JOSE-GARCIA.jpg\"><img loading=\"lazy\" decoding=\"async\" class=\"aligncenter size-full wp-image-57449\" src=\"https:\/\/abzturistico.com\/wp-content\/uploads\/2026\/05\/JOSE-GARCIA.jpg\" alt=\"\" width=\"393\" height=\"453\" srcset=\"https:\/\/abzturistico.com\/wp-content\/uploads\/2026\/05\/JOSE-GARCIA.jpg 393w, https:\/\/abzturistico.com\/wp-content\/uploads\/2026\/05\/JOSE-GARCIA-260x300.jpg 260w, https:\/\/abzturistico.com\/wp-content\/uploads\/2026\/05\/JOSE-GARCIA-330x380.jpg 330w\" sizes=\"auto, (max-width: 393px) 100vw, 393px\" \/><\/a><\/p>\n<p style=\"text-align: center;\"><strong>Jos\u00e9 Garc\u00eda<\/strong><\/p>\n<p style=\"text-align: center;\"><em>No es un solo viaje con mam\u00e1 lo que recuerdo, no ser\u00eda justo dejar delado alguno de los veranos en casa de mis abuelos en Mazatl\u00e1n. Mi mam\u00e1 se transformaba al ver a su familia, eran contadas las ocasiones que los ve\u00eda y eso hac\u00eda especial cada ocasi\u00f3n que est\u00e1bamos por all\u00e1; nuestro viaje era disfrutar la playa, las charlas en la banqueta con mi abuela y mi mam\u00e1 sentados en las \u2018poltronas\u2019, o bien una caminata al atardecer por el malec\u00f3n.\u00a0<\/em><\/p>\n<p><a href=\"https:\/\/abzturistico.com\/wp-content\/uploads\/2026\/05\/Jose-Manuel-Rosas.jpg\"><img loading=\"lazy\" decoding=\"async\" class=\"aligncenter size-full wp-image-57450\" src=\"https:\/\/abzturistico.com\/wp-content\/uploads\/2026\/05\/Jose-Manuel-Rosas.jpg\" alt=\"\" width=\"926\" height=\"650\" srcset=\"https:\/\/abzturistico.com\/wp-content\/uploads\/2026\/05\/Jose-Manuel-Rosas.jpg 926w, https:\/\/abzturistico.com\/wp-content\/uploads\/2026\/05\/Jose-Manuel-Rosas-300x211.jpg 300w, https:\/\/abzturistico.com\/wp-content\/uploads\/2026\/05\/Jose-Manuel-Rosas-768x539.jpg 768w, https:\/\/abzturistico.com\/wp-content\/uploads\/2026\/05\/Jose-Manuel-Rosas-400x281.jpg 400w, https:\/\/abzturistico.com\/wp-content\/uploads\/2026\/05\/Jose-Manuel-Rosas-855x600.jpg 855w\" sizes=\"auto, (max-width: 926px) 100vw, 926px\" \/><\/a><\/p>\n<p style=\"text-align: center;\"><strong>Jos\u00e9 Manuel Rosas<\/strong><\/p>\n<p style=\"text-align: center;\"><em>Recuerdo con mucho cari\u00f1o el d\u00eda que viajamos por primera vez a Puebla, fue un viaje lleno de ilusi\u00f3n al ir en familia. Entrar con ella de la mano a la catedral, disfrutar y convivir con ella sin limitaci\u00f3n de tiempo, ir a desayunar, comer y cenar en un restaurante toda la semana, fue incre\u00edble. Una semana donde visitamos varios lugares maravillosos, pero m\u00e1s all\u00e1 de los lugares, lo que realmente hizo especial esa vivencia fue poder pasar tiempo con ella, re\u00edrnos, platicar sin prisas y crear recuerdos que voy a guardar siempre.<\/em><\/p>\n<p><a href=\"https:\/\/abzturistico.com\/wp-content\/uploads\/2026\/05\/656b091c-484f-4ae5-84b8-73c47cc08952.jpeg\"><img loading=\"lazy\" decoding=\"async\" class=\"aligncenter size-full wp-image-57430\" src=\"https:\/\/abzturistico.com\/wp-content\/uploads\/2026\/05\/656b091c-484f-4ae5-84b8-73c47cc08952.jpeg\" alt=\"\" width=\"949\" height=\"1280\" srcset=\"https:\/\/abzturistico.com\/wp-content\/uploads\/2026\/05\/656b091c-484f-4ae5-84b8-73c47cc08952.jpeg 949w, https:\/\/abzturistico.com\/wp-content\/uploads\/2026\/05\/656b091c-484f-4ae5-84b8-73c47cc08952-222x300.jpeg 222w, https:\/\/abzturistico.com\/wp-content\/uploads\/2026\/05\/656b091c-484f-4ae5-84b8-73c47cc08952-759x1024.jpeg 759w, https:\/\/abzturistico.com\/wp-content\/uploads\/2026\/05\/656b091c-484f-4ae5-84b8-73c47cc08952-768x1036.jpeg 768w, https:\/\/abzturistico.com\/wp-content\/uploads\/2026\/05\/656b091c-484f-4ae5-84b8-73c47cc08952-400x540.jpeg 400w, https:\/\/abzturistico.com\/wp-content\/uploads\/2026\/05\/656b091c-484f-4ae5-84b8-73c47cc08952-445x600.jpeg 445w\" sizes=\"auto, (max-width: 949px) 100vw, 949px\" \/><\/a><\/p>\n<p style=\"text-align: center;\"><strong>Juan Pablo Mart\u00ednez<\/strong><\/p>\n<p style=\"text-align: center;\"><em>Afortunadamente, hemos hecho muchos viajes a su lado, pero si tengo que elegir uno, ser\u00eda a M\u00e9rida en el 2022. Pasamos poco m\u00e1s de una semana visitando bell\u00edsimos lugares (Izamal, Uxmal, Celest\u00fan, Campeche, etc.), comiendo delicioso y lo m\u00e1s importante, pasando mucho tiempo de calidad incre\u00edble y generando memorias maravillosas. Siempre que lo recuerdo, se me llena el coraz\u00f3n de alegr\u00eda.<\/em><\/p>\n<p><a href=\"https:\/\/abzturistico.com\/wp-content\/uploads\/2026\/05\/leaslie-gomez.jpeg\"><img loading=\"lazy\" decoding=\"async\" class=\"aligncenter size-full wp-image-57451\" src=\"https:\/\/abzturistico.com\/wp-content\/uploads\/2026\/05\/leaslie-gomez.jpeg\" alt=\"\" width=\"960\" height=\"1280\" srcset=\"https:\/\/abzturistico.com\/wp-content\/uploads\/2026\/05\/leaslie-gomez.jpeg 960w, https:\/\/abzturistico.com\/wp-content\/uploads\/2026\/05\/leaslie-gomez-225x300.jpeg 225w, https:\/\/abzturistico.com\/wp-content\/uploads\/2026\/05\/leaslie-gomez-768x1024.jpeg 768w, https:\/\/abzturistico.com\/wp-content\/uploads\/2026\/05\/leaslie-gomez-400x533.jpeg 400w, https:\/\/abzturistico.com\/wp-content\/uploads\/2026\/05\/leaslie-gomez-450x600.jpeg 450w\" sizes=\"auto, (max-width: 960px) 100vw, 960px\" \/><\/a><\/p>\n<p style=\"text-align: center;\"><strong>Leaslie G\u00f3mez<\/strong><\/p>\n<p style=\"text-align: center;\"><em>El viaje m\u00e1s hermoso que he tenido con mi mam\u00e1 ocurri\u00f3 justo al terminar pandemia. Para nuestra familia signific\u00f3 mucho m\u00e1s: fue una celebraci\u00f3n por la fortuna de seguir disfrutando a mis padres. Ambos fueron alcanzados por ese \u2018bichito\u2019 y lograron superarlo. Ese viaje se convirti\u00f3 en un momento liberador, disfrutando plenamente nuestra compa\u00f1\u00eda. Fue nuestra primera vez en Europa y esperamos repetirlo pronto.<\/em><\/p>\n<p><a href=\"https:\/\/abzturistico.com\/wp-content\/uploads\/2026\/05\/liz-camarena.jpeg\"><img loading=\"lazy\" decoding=\"async\" class=\"aligncenter wp-image-57452 size-full\" src=\"https:\/\/abzturistico.com\/wp-content\/uploads\/2026\/05\/liz-camarena-e1777655025765.jpeg\" alt=\"\" width=\"853\" height=\"1180\" srcset=\"https:\/\/abzturistico.com\/wp-content\/uploads\/2026\/05\/liz-camarena-e1777655025765.jpeg 853w, https:\/\/abzturistico.com\/wp-content\/uploads\/2026\/05\/liz-camarena-e1777655025765-217x300.jpeg 217w, https:\/\/abzturistico.com\/wp-content\/uploads\/2026\/05\/liz-camarena-e1777655025765-740x1024.jpeg 740w, https:\/\/abzturistico.com\/wp-content\/uploads\/2026\/05\/liz-camarena-e1777655025765-768x1062.jpeg 768w, https:\/\/abzturistico.com\/wp-content\/uploads\/2026\/05\/liz-camarena-e1777655025765-400x553.jpeg 400w, https:\/\/abzturistico.com\/wp-content\/uploads\/2026\/05\/liz-camarena-e1777655025765-434x600.jpeg 434w\" sizes=\"auto, (max-width: 853px) 100vw, 853px\" \/><\/a><\/p>\n<p style=\"text-align: center;\"><strong>Liz Camarena<\/strong><\/p>\n<p style=\"text-align: center;\"><em>Uno de los viajes m\u00e1s especiales de nuestras vidas fue visitar Walt Disney World en familia, justo cuando mi hijo hab\u00eda cumplido apenas dos a\u00f1os. Fue m\u00e1gico desde el primer momento: verlo descubrir ese mundo lleno de fantas\u00eda, subirse a los juegos con una mezcla de emoci\u00f3n y asombro, y, sobre todo, presenciar su carita iluminarse al conocer en vivo a Mickey Mouse y sus amigos, fue simplemente inolvidable.<\/em><\/p>\n<p><a href=\"https:\/\/abzturistico.com\/wp-content\/uploads\/2026\/05\/Lucy.jpeg\"><img loading=\"lazy\" decoding=\"async\" class=\"aligncenter size-full wp-image-57453\" src=\"https:\/\/abzturistico.com\/wp-content\/uploads\/2026\/05\/Lucy.jpeg\" alt=\"\" width=\"1125\" height=\"834\" srcset=\"https:\/\/abzturistico.com\/wp-content\/uploads\/2026\/05\/Lucy.jpeg 1125w, https:\/\/abzturistico.com\/wp-content\/uploads\/2026\/05\/Lucy-300x222.jpeg 300w, https:\/\/abzturistico.com\/wp-content\/uploads\/2026\/05\/Lucy-1024x759.jpeg 1024w, https:\/\/abzturistico.com\/wp-content\/uploads\/2026\/05\/Lucy-768x569.jpeg 768w, https:\/\/abzturistico.com\/wp-content\/uploads\/2026\/05\/Lucy-400x297.jpeg 400w, https:\/\/abzturistico.com\/wp-content\/uploads\/2026\/05\/Lucy-809x600.jpeg 809w\" sizes=\"auto, (max-width: 1125px) 100vw, 1125px\" \/><\/a><\/p>\n<p style=\"text-align: center;\"><strong>Lucy Zaragoza<\/strong><\/p>\n<p style=\"text-align: center;\"><em>Este fue un viaje muy especial que me marc\u00f3 como mam\u00e1, tener esa cercan\u00eda y comunicaci\u00f3n con Esau y Regina, fue algo extraordinario y maravilloso, donde lo \u00fanico importante es la familia y el amor que nos tenemos, lo divertido que son me hace feliz, siempre haci\u00e9ndome saber que se tienen el uno al otro como hermanos.<\/em><\/p>\n<p><a href=\"https:\/\/abzturistico.com\/wp-content\/uploads\/2026\/05\/Marco-Morales.jpeg\"><img loading=\"lazy\" decoding=\"async\" class=\"aligncenter size-full wp-image-57454\" src=\"https:\/\/abzturistico.com\/wp-content\/uploads\/2026\/05\/Marco-Morales.jpeg\" alt=\"\" width=\"1280\" height=\"853\" srcset=\"https:\/\/abzturistico.com\/wp-content\/uploads\/2026\/05\/Marco-Morales.jpeg 1280w, https:\/\/abzturistico.com\/wp-content\/uploads\/2026\/05\/Marco-Morales-300x200.jpeg 300w, https:\/\/abzturistico.com\/wp-content\/uploads\/2026\/05\/Marco-Morales-1024x682.jpeg 1024w, https:\/\/abzturistico.com\/wp-content\/uploads\/2026\/05\/Marco-Morales-768x512.jpeg 768w, https:\/\/abzturistico.com\/wp-content\/uploads\/2026\/05\/Marco-Morales-400x267.jpeg 400w, https:\/\/abzturistico.com\/wp-content\/uploads\/2026\/05\/Marco-Morales-900x600.jpeg 900w\" sizes=\"auto, (max-width: 1280px) 100vw, 1280px\" \/><\/a><\/p>\n<p style=\"text-align: center;\"><strong>Marco Morales<\/strong><\/p>\n<p style=\"text-align: center;\"><em>El viaje que recuerdo con mi mama fue un viaje r\u00e1pido a Talpa, ella era ferviente devota de la virgen y fue un deleite ver como disfrutaba la comida local y sencilla, el que disfrutara un momento en familia, comer una nieve con sus nietos, es algo que queda en la memoria.<\/em><\/p>\n<p><a href=\"https:\/\/abzturistico.com\/wp-content\/uploads\/2026\/05\/mary-chavez.jpg\"><img loading=\"lazy\" decoding=\"async\" class=\"aligncenter size-full wp-image-57456\" src=\"https:\/\/abzturistico.com\/wp-content\/uploads\/2026\/05\/mary-chavez.jpg\" alt=\"\" width=\"945\" height=\"705\" srcset=\"https:\/\/abzturistico.com\/wp-content\/uploads\/2026\/05\/mary-chavez.jpg 945w, https:\/\/abzturistico.com\/wp-content\/uploads\/2026\/05\/mary-chavez-300x224.jpg 300w, https:\/\/abzturistico.com\/wp-content\/uploads\/2026\/05\/mary-chavez-768x573.jpg 768w, https:\/\/abzturistico.com\/wp-content\/uploads\/2026\/05\/mary-chavez-400x298.jpg 400w, https:\/\/abzturistico.com\/wp-content\/uploads\/2026\/05\/mary-chavez-804x600.jpg 804w\" sizes=\"auto, (max-width: 945px) 100vw, 945px\" \/><\/a><\/p>\n<p style=\"text-align: center;\"><strong>Mar\u00eda Ch\u00e1vez<\/strong><\/p>\n<p style=\"text-align: center;\"><em>Crear recuerdos junto a mi madre y mi hijo es una experiencia que trasciende las palabras. No hay mayor riqueza que descubrir nuevos pa\u00edses y recorrer caminos que nos invitan a ver la vida desde otra perspectiva. Estos viajes no solo fortalecen nuestros lazos, sino que nos permiten reconectar profundamente desde el coraz\u00f3n.<\/em><\/p>\n<p><a href=\"https:\/\/abzturistico.com\/wp-content\/uploads\/2026\/05\/MARINEZ-INES-GARIN-SIERRA-MADRE.jpeg\"><img loading=\"lazy\" decoding=\"async\" class=\"aligncenter size-full wp-image-57455\" src=\"https:\/\/abzturistico.com\/wp-content\/uploads\/2026\/05\/MARINEZ-INES-GARIN-SIERRA-MADRE.jpeg\" alt=\"\" width=\"786\" height=\"1164\" srcset=\"https:\/\/abzturistico.com\/wp-content\/uploads\/2026\/05\/MARINEZ-INES-GARIN-SIERRA-MADRE.jpeg 786w, https:\/\/abzturistico.com\/wp-content\/uploads\/2026\/05\/MARINEZ-INES-GARIN-SIERRA-MADRE-203x300.jpeg 203w, https:\/\/abzturistico.com\/wp-content\/uploads\/2026\/05\/MARINEZ-INES-GARIN-SIERRA-MADRE-691x1024.jpeg 691w, https:\/\/abzturistico.com\/wp-content\/uploads\/2026\/05\/MARINEZ-INES-GARIN-SIERRA-MADRE-768x1137.jpeg 768w, https:\/\/abzturistico.com\/wp-content\/uploads\/2026\/05\/MARINEZ-INES-GARIN-SIERRA-MADRE-400x592.jpeg 400w, https:\/\/abzturistico.com\/wp-content\/uploads\/2026\/05\/MARINEZ-INES-GARIN-SIERRA-MADRE-405x600.jpeg 405w\" sizes=\"auto, (max-width: 786px) 100vw, 786px\" \/><\/a><\/p>\n<p style=\"text-align: center;\"><strong>Mar\u00eda In\u00e9s Ramos<\/strong><\/p>\n<p style=\"text-align: center;\"><em>El viaje m\u00e1s especial que hice con mi mam\u00e1 fue cuando era peque\u00f1a, a M\u00e9xico, para dar gracias por su salud en la Bas\u00edlica de Guadalupe, un momento lleno de fe y amor que marc\u00f3 mi vida.<\/em><\/p>\n<p><a href=\"https:\/\/abzturistico.com\/wp-content\/uploads\/2026\/05\/Miguel-Hinojosa.jpeg\"><img loading=\"lazy\" decoding=\"async\" class=\"aligncenter size-full wp-image-57458\" src=\"https:\/\/abzturistico.com\/wp-content\/uploads\/2026\/05\/Miguel-Hinojosa.jpeg\" alt=\"\" width=\"923\" height=\"1280\" srcset=\"https:\/\/abzturistico.com\/wp-content\/uploads\/2026\/05\/Miguel-Hinojosa.jpeg 923w, https:\/\/abzturistico.com\/wp-content\/uploads\/2026\/05\/Miguel-Hinojosa-216x300.jpeg 216w, https:\/\/abzturistico.com\/wp-content\/uploads\/2026\/05\/Miguel-Hinojosa-738x1024.jpeg 738w, https:\/\/abzturistico.com\/wp-content\/uploads\/2026\/05\/Miguel-Hinojosa-768x1065.jpeg 768w, https:\/\/abzturistico.com\/wp-content\/uploads\/2026\/05\/Miguel-Hinojosa-400x555.jpeg 400w, https:\/\/abzturistico.com\/wp-content\/uploads\/2026\/05\/Miguel-Hinojosa-433x600.jpeg 433w\" sizes=\"auto, (max-width: 923px) 100vw, 923px\" \/><\/a><\/p>\n<p style=\"text-align: center;\"><strong>Miguel Hinojosa<\/strong><\/p>\n<p style=\"text-align: center;\"><em>A principios del 2000 viajamos a Marruecos, y m\u00e1s que el destino, se me qued\u00f3 c\u00f3mo lo vivimos. Era un momento en el que viajar implicaba m\u00e1s observar que documentar, y ella ten\u00eda una forma muy particular de hacerlo: sin prisa, fij\u00e1ndose en detalles que a m\u00ed se me escapaban. Entre el caos de los zocos, los trayectos largos y los contrastes culturales, reaprend\u00ed a regatear (con resultados cuestionables) y a bajarle el ritmo para disfrutar el proceso.<\/em><\/p>\n<p><a href=\"https:\/\/abzturistico.com\/wp-content\/uploads\/2026\/05\/MAURICIOCWW.jpeg\"><img loading=\"lazy\" decoding=\"async\" class=\"aligncenter size-full wp-image-57457\" src=\"https:\/\/abzturistico.com\/wp-content\/uploads\/2026\/05\/MAURICIOCWW.jpeg\" alt=\"\" width=\"960\" height=\"1280\" srcset=\"https:\/\/abzturistico.com\/wp-content\/uploads\/2026\/05\/MAURICIOCWW.jpeg 960w, https:\/\/abzturistico.com\/wp-content\/uploads\/2026\/05\/MAURICIOCWW-225x300.jpeg 225w, https:\/\/abzturistico.com\/wp-content\/uploads\/2026\/05\/MAURICIOCWW-768x1024.jpeg 768w, https:\/\/abzturistico.com\/wp-content\/uploads\/2026\/05\/MAURICIOCWW-400x533.jpeg 400w, https:\/\/abzturistico.com\/wp-content\/uploads\/2026\/05\/MAURICIOCWW-450x600.jpeg 450w\" sizes=\"auto, (max-width: 960px) 100vw, 960px\" \/><\/a><\/p>\n<p style=\"text-align: center;\"><strong>Mauricio Gonz\u00e1lez<\/strong><\/p>\n<p style=\"text-align: center;\"><em>El viaje m\u00e1s especial que he hecho con mi mam\u00e1 fue a Tierra Santa. Al principio, debo admitir que no era un destino que me entusiasmara particularmente; sin embargo, termin\u00f3 siendo una experiencia \u00fanica e inesperada; y lo que hizo que este viaje fuera verdaderamente inolvidable, fue ver a mi mam\u00e1 disfrutarlo con una emoci\u00f3n tan genuina. Acompa\u00f1arla en ese recorrido, verla emocionarse en cada momento y sentir lo importante que era para ella, me marc\u00f3 profundamente.<\/em><\/p>\n<p><a href=\"https:\/\/abzturistico.com\/wp-content\/uploads\/2026\/05\/Paloma-Benavides.jpg\"><img loading=\"lazy\" decoding=\"async\" class=\"aligncenter size-full wp-image-57460\" src=\"https:\/\/abzturistico.com\/wp-content\/uploads\/2026\/05\/Paloma-Benavides.jpg\" alt=\"\" width=\"932\" height=\"860\" srcset=\"https:\/\/abzturistico.com\/wp-content\/uploads\/2026\/05\/Paloma-Benavides.jpg 932w, https:\/\/abzturistico.com\/wp-content\/uploads\/2026\/05\/Paloma-Benavides-300x277.jpg 300w, https:\/\/abzturistico.com\/wp-content\/uploads\/2026\/05\/Paloma-Benavides-768x709.jpg 768w, https:\/\/abzturistico.com\/wp-content\/uploads\/2026\/05\/Paloma-Benavides-400x369.jpg 400w, https:\/\/abzturistico.com\/wp-content\/uploads\/2026\/05\/Paloma-Benavides-650x600.jpg 650w\" sizes=\"auto, (max-width: 932px) 100vw, 932px\" \/><\/a><\/p>\n<p style=\"text-align: center;\"><strong>Paloma Benavides<\/strong><\/p>\n<p style=\"text-align: center;\"><em>El viaje m\u00e1s especial que he hecho con mi mam\u00e1 fue en octubre del a\u00f1o pasado, cuando fuimos en familia a Disney California, para llevar a mi sobrina por primera vez. Fue un viaje lleno de magia, no solo por el lugar, sino por poder compartir ese momento juntas, ver la emoci\u00f3n de mi sobrina y disfrutar cada instante en familia.<\/em><\/p>\n<p><a href=\"https:\/\/abzturistico.com\/wp-content\/uploads\/2026\/05\/Rafa-romero.jpeg\"><img loading=\"lazy\" decoding=\"async\" class=\"aligncenter size-full wp-image-57461\" src=\"https:\/\/abzturistico.com\/wp-content\/uploads\/2026\/05\/Rafa-romero.jpeg\" alt=\"\" width=\"698\" height=\"960\" srcset=\"https:\/\/abzturistico.com\/wp-content\/uploads\/2026\/05\/Rafa-romero.jpeg 698w, https:\/\/abzturistico.com\/wp-content\/uploads\/2026\/05\/Rafa-romero-218x300.jpeg 218w, https:\/\/abzturistico.com\/wp-content\/uploads\/2026\/05\/Rafa-romero-400x550.jpeg 400w, https:\/\/abzturistico.com\/wp-content\/uploads\/2026\/05\/Rafa-romero-436x600.jpeg 436w\" sizes=\"auto, (max-width: 698px) 100vw, 698px\" \/><\/a><\/p>\n<p style=\"text-align: center;\"><strong>Rafa Romero<\/strong><\/p>\n<p style=\"text-align: center;\"><em>He tenido la fortuna de tener muchos viajes con ella y siempre recuerdo los que tuvimos cuando mis hermanos y yo \u00e9ramos peque\u00f1os. En particular, he disfrutado mucho que me acompa\u00f1e a mis viajes de los maratones, en especial recuerdo los Maratones de Canad\u00e1 y Berl\u00edn, porque despu\u00e9s de correr aprovechamos para visitar muchos lugares, ciudades, costumbres diferentes y sobre todo, la comida, que tambi\u00e9n le encanta y es otra de sus pasiones.<\/em><\/p>\n<p><a href=\"https:\/\/abzturistico.com\/wp-content\/uploads\/2026\/05\/Rafael-Moreno.jpeg\"><img loading=\"lazy\" decoding=\"async\" class=\"aligncenter size-full wp-image-57462\" src=\"https:\/\/abzturistico.com\/wp-content\/uploads\/2026\/05\/Rafael-Moreno.jpeg\" alt=\"\" width=\"960\" height=\"1280\" srcset=\"https:\/\/abzturistico.com\/wp-content\/uploads\/2026\/05\/Rafael-Moreno.jpeg 960w, https:\/\/abzturistico.com\/wp-content\/uploads\/2026\/05\/Rafael-Moreno-225x300.jpeg 225w, https:\/\/abzturistico.com\/wp-content\/uploads\/2026\/05\/Rafael-Moreno-768x1024.jpeg 768w, https:\/\/abzturistico.com\/wp-content\/uploads\/2026\/05\/Rafael-Moreno-400x533.jpeg 400w, https:\/\/abzturistico.com\/wp-content\/uploads\/2026\/05\/Rafael-Moreno-450x600.jpeg 450w\" sizes=\"auto, (max-width: 960px) 100vw, 960px\" \/><\/a><\/p>\n<p style=\"text-align: center;\"><strong>Rafael Moreno<\/strong><\/p>\n<p style=\"text-align: center;\"><em>M\u00e1s que haber estado en playas caribe\u00f1as o diciembres en pueblos colombianos, mi viaje m\u00e1s especial no recorri\u00f3 kil\u00f3metros, sino el coraz\u00f3n. Nuestro viaje comenz\u00f3 cuando ella, por elecci\u00f3n y amor decidi\u00f3 sumarme a ser parte de su camino, el cual hoy en d\u00eda nos sigue llenando de historias y recuerdos.<\/em><\/p>\n<p><a href=\"https:\/\/abzturistico.com\/wp-content\/uploads\/2026\/05\/Rodolfo-Camarena.jpg\"><img loading=\"lazy\" decoding=\"async\" class=\"aligncenter size-full wp-image-57463\" src=\"https:\/\/abzturistico.com\/wp-content\/uploads\/2026\/05\/Rodolfo-Camarena.jpg\" alt=\"\" width=\"1280\" height=\"960\" srcset=\"https:\/\/abzturistico.com\/wp-content\/uploads\/2026\/05\/Rodolfo-Camarena.jpg 1280w, https:\/\/abzturistico.com\/wp-content\/uploads\/2026\/05\/Rodolfo-Camarena-300x225.jpg 300w, https:\/\/abzturistico.com\/wp-content\/uploads\/2026\/05\/Rodolfo-Camarena-1024x768.jpg 1024w, https:\/\/abzturistico.com\/wp-content\/uploads\/2026\/05\/Rodolfo-Camarena-768x576.jpg 768w, https:\/\/abzturistico.com\/wp-content\/uploads\/2026\/05\/Rodolfo-Camarena-400x300.jpg 400w, https:\/\/abzturistico.com\/wp-content\/uploads\/2026\/05\/Rodolfo-Camarena-800x600.jpg 800w\" sizes=\"auto, (max-width: 1280px) 100vw, 1280px\" \/><\/a><\/p>\n<p style=\"text-align: center;\"><strong>Rodolfo Camarena<\/strong><\/p>\n<p style=\"text-align: center;\"><em>Este viaje empez\u00f3 como una idea personal, inspirada tambi\u00e9n por el trabajo en el mundo de los viajes, pero con el tiempo se transform\u00f3 en algo mucho m\u00e1s grande: un espacio sagrado para la familia. Durante nueve d\u00edas, cada detalle se planea con un prop\u00f3sito claro: estar juntos. M\u00e1s all\u00e1 de itinerarios o destinos, lo que realmente importa es compartir, re\u00edr y ver c\u00f3mo la familia crece. Esos momentos, rodeado de hijos, nietos y bisnietos, son los que le dan verdadero sentido a todo.<\/em><\/p>\n<p><a href=\"https:\/\/abzturistico.com\/wp-content\/uploads\/2026\/05\/Susana-ZUNIGA.jpeg\"><img loading=\"lazy\" decoding=\"async\" class=\"aligncenter size-full wp-image-57464\" src=\"https:\/\/abzturistico.com\/wp-content\/uploads\/2026\/05\/Susana-ZUNIGA.jpeg\" alt=\"\" width=\"960\" height=\"1280\" srcset=\"https:\/\/abzturistico.com\/wp-content\/uploads\/2026\/05\/Susana-ZUNIGA.jpeg 960w, https:\/\/abzturistico.com\/wp-content\/uploads\/2026\/05\/Susana-ZUNIGA-225x300.jpeg 225w, https:\/\/abzturistico.com\/wp-content\/uploads\/2026\/05\/Susana-ZUNIGA-768x1024.jpeg 768w, https:\/\/abzturistico.com\/wp-content\/uploads\/2026\/05\/Susana-ZUNIGA-400x533.jpeg 400w, https:\/\/abzturistico.com\/wp-content\/uploads\/2026\/05\/Susana-ZUNIGA-450x600.jpeg 450w\" sizes=\"auto, (max-width: 960px) 100vw, 960px\" \/><\/a><\/p>\n<p style=\"text-align: center;\"><strong>Susana Z\u00fa\u00f1iga<\/strong><\/p>\n<p style=\"text-align: center;\"><em>Todos los viajes se vuelven inolvidables cuando viajo con mi <\/em><em>hija. Es una ni\u00f1a sumamente divertida y ocurrente, y tiene esa <\/em><em>magia de convertir cada momento en algo especial. Sin embargo, <\/em><em>uno de los que guardo con m\u00e1s cari\u00f1o es el que hicimos en <\/em><em>Oaxaca durante nuestras vacaciones. Fue una de las experiencias <\/em><em>m\u00e1s hermosas que hemos vivido juntas.<\/em><\/p>\n<p><a href=\"https:\/\/abzturistico.com\/wp-content\/uploads\/2026\/05\/URIEL-GALARZA.jpeg\"><img loading=\"lazy\" decoding=\"async\" class=\"aligncenter size-full wp-image-57465\" src=\"https:\/\/abzturistico.com\/wp-content\/uploads\/2026\/05\/URIEL-GALARZA.jpeg\" alt=\"\" width=\"960\" height=\"719\" srcset=\"https:\/\/abzturistico.com\/wp-content\/uploads\/2026\/05\/URIEL-GALARZA.jpeg 960w, https:\/\/abzturistico.com\/wp-content\/uploads\/2026\/05\/URIEL-GALARZA-300x225.jpeg 300w, https:\/\/abzturistico.com\/wp-content\/uploads\/2026\/05\/URIEL-GALARZA-768x575.jpeg 768w, https:\/\/abzturistico.com\/wp-content\/uploads\/2026\/05\/URIEL-GALARZA-400x300.jpeg 400w, https:\/\/abzturistico.com\/wp-content\/uploads\/2026\/05\/URIEL-GALARZA-801x600.jpeg 801w\" sizes=\"auto, (max-width: 960px) 100vw, 960px\" \/><\/a><\/p>\n<p style=\"text-align: center;\"><strong>Uriel Galarza<\/strong><\/p>\n<p style=\"text-align: center;\"><em>Todos los viajes con mi mam\u00e1 han sido especiales, pero uno de los que m\u00e1s recuerdo es a Puerto Vallarta en una premiaci\u00f3n de Palladium, en donde me reconocieron por producci\u00f3n, ah\u00ed vi su mirada de orgullo, y me di cuenta lo bendecido que era por tenerla a mi lado. Logramos conectar en ese viaje, solo \u00e9ramos los dos, y platicamos de cosas que jam\u00e1s cre\u00ed hablar con ella, guardo esos recuerdos en mi coraz\u00f3n por siempre.<\/em><\/p>\n<p><a href=\"https:\/\/abzturistico.com\/wp-content\/uploads\/2026\/05\/Vero-Garcia.jpeg\"><img loading=\"lazy\" decoding=\"async\" class=\"aligncenter size-full wp-image-57466\" src=\"https:\/\/abzturistico.com\/wp-content\/uploads\/2026\/05\/Vero-Garcia.jpeg\" alt=\"\" width=\"1280\" height=\"960\" srcset=\"https:\/\/abzturistico.com\/wp-content\/uploads\/2026\/05\/Vero-Garcia.jpeg 1280w, https:\/\/abzturistico.com\/wp-content\/uploads\/2026\/05\/Vero-Garcia-300x225.jpeg 300w, https:\/\/abzturistico.com\/wp-content\/uploads\/2026\/05\/Vero-Garcia-1024x768.jpeg 1024w, https:\/\/abzturistico.com\/wp-content\/uploads\/2026\/05\/Vero-Garcia-768x576.jpeg 768w, https:\/\/abzturistico.com\/wp-content\/uploads\/2026\/05\/Vero-Garcia-400x300.jpeg 400w, https:\/\/abzturistico.com\/wp-content\/uploads\/2026\/05\/Vero-Garcia-800x600.jpeg 800w\" sizes=\"auto, (max-width: 1280px) 100vw, 1280px\" \/><\/a><\/p>\n<p style=\"text-align: center;\"><strong>Vero Garc\u00eda<\/strong><\/p>\n<p style=\"text-align: center;\"><em>El mejor viaje familiar fue, sin duda, el que hicimos los cuatro a Nueva York y despu\u00e9s continuamos manejando hasta Canad\u00e1. Fue una aventura de esas que se quedan para siempre en el coraz\u00f3n, porque no solo conocimos lugares incre\u00edbles, sino que tambi\u00e9n nos regal\u00f3 algo mucho m\u00e1s valioso: tiempo juntos.<\/em><\/p>\n<p><a href=\"https:\/\/abzturistico.com\/wp-content\/uploads\/2026\/05\/VERO-ROBLES.jpeg\"><img loading=\"lazy\" decoding=\"async\" class=\"aligncenter size-full wp-image-57467\" src=\"https:\/\/abzturistico.com\/wp-content\/uploads\/2026\/05\/VERO-ROBLES.jpeg\" alt=\"\" width=\"959\" height=\"1280\" srcset=\"https:\/\/abzturistico.com\/wp-content\/uploads\/2026\/05\/VERO-ROBLES.jpeg 959w, https:\/\/abzturistico.com\/wp-content\/uploads\/2026\/05\/VERO-ROBLES-225x300.jpeg 225w, https:\/\/abzturistico.com\/wp-content\/uploads\/2026\/05\/VERO-ROBLES-767x1024.jpeg 767w, https:\/\/abzturistico.com\/wp-content\/uploads\/2026\/05\/VERO-ROBLES-768x1025.jpeg 768w, https:\/\/abzturistico.com\/wp-content\/uploads\/2026\/05\/VERO-ROBLES-400x534.jpeg 400w, https:\/\/abzturistico.com\/wp-content\/uploads\/2026\/05\/VERO-ROBLES-450x600.jpeg 450w\" sizes=\"auto, (max-width: 959px) 100vw, 959px\" \/><\/a><\/p>\n<p style=\"text-align: center;\"><strong>Ver\u00f3nica Robles<\/strong><\/p>\n<p style=\"text-align: center;\"><em>Recuerdo cuando fuimos a Nueva York, y tal vez fue el viaje m\u00e1s significativo porque ellos con mayor conciencia pudieron disfrutar de todo lo que sus ojos vieron.<\/em><\/p>\n","protected":false},"excerpt":{"rendered":"<p>En honor al D\u00eda de las Madres quisimos adentrarnos a los recuerdos que se han resguardado en nuestro coraz\u00f3n. Aquel viaje en donde mam\u00e1 se convirti\u00f3 en nuestra compa\u00f1era de aventuras o aquellas vacaciones en familia que se atesoran porque reunirse es complicado. Los viajes tienen un encanto especial, nos permiten descubrir no solo nuevos lugares, sino tambi\u00e9n las facetas de mam\u00e1 o el asombro de los hijos. Nos plantea otra visi\u00f3n y significado de lo que representa estar presente. Por ello, creamos un espacio para conocer aquella an\u00e9cdota que por m\u00e1s que el tiempo pase no se borra, y [&hellip;]<\/p>\n","protected":false},"author":7,"featured_media":57459,"comment_status":"open","ping_status":"open","sticky":false,"template":"","format":"standard","meta":{"footnotes":""},"categories":[576,554,577,247],"tags":[],"class_list":["post-57429","post","type-post","status-publish","format-standard","has-post-thumbnail","hentry","category-app","category-especial","category-principal","category-secciones"],"_links":{"self":[{"href":"https:\/\/abzturistico.com\/index.php?rest_route=\/wp\/v2\/posts\/57429","targetHints":{"allow":["GET"]}}],"collection":[{"href":"https:\/\/abzturistico.com\/index.php?rest_route=\/wp\/v2\/posts"}],"about":[{"href":"https:\/\/abzturistico.com\/index.php?rest_route=\/wp\/v2\/types\/post"}],"author":[{"embeddable":true,"href":"https:\/\/abzturistico.com\/index.php?rest_route=\/wp\/v2\/users\/7"}],"replies":[{"embeddable":true,"href":"https:\/\/abzturistico.com\/index.php?rest_route=%2Fwp%2Fv2%2Fcomments&post=57429"}],"version-history":[{"count":1,"href":"https:\/\/abzturistico.com\/index.php?rest_route=\/wp\/v2\/posts\/57429\/revisions"}],"predecessor-version":[{"id":57468,"href":"https:\/\/abzturistico.com\/index.php?rest_route=\/wp\/v2\/posts\/57429\/revisions\/57468"}],"wp:featuredmedia":[{"embeddable":true,"href":"https:\/\/abzturistico.com\/index.php?rest_route=\/wp\/v2\/media\/57459"}],"wp:attachment":[{"href":"https:\/\/abzturistico.com\/index.php?rest_route=%2Fwp%2Fv2%2Fmedia&parent=57429"}],"wp:term":[{"taxonomy":"category","embeddable":true,"href":"https:\/\/abzturistico.com\/index.php?rest_route=%2Fwp%2Fv2%2Fcategories&post=57429"},{"taxonomy":"post_tag","embeddable":true,"href":"https:\/\/abzturistico.com\/index.php?rest_route=%2Fwp%2Fv2%2Ftags&post=57429"}],"curies":[{"name":"wp","href":"https:\/\/api.w.org\/{rel}","templated":true}]}}