{"id":56290,"date":"2025-11-01T03:41:36","date_gmt":"2025-11-01T09:41:36","guid":{"rendered":"https:\/\/abzturistico.com\/?p=56290"},"modified":"2025-11-01T03:41:36","modified_gmt":"2025-11-01T09:41:36","slug":"un-destino-que-se-vive-en-todas-las-estaciones-del-ano-quebec","status":"publish","type":"post","link":"https:\/\/abzturistico.com\/?p=56290","title":{"rendered":"Un destino que se vive en todas las estaciones del a\u00f1o: Quebec"},"content":{"rendered":"<p>En un desayuno-presentaci\u00f3n organizado por Juli\u00e1 Tours, Quebec se present\u00f3 ante los agentes de viajes tapat\u00edos con su encanto europeo, paisajes que enamoran en cualquier temporada y, como un destino que ofrece experiencias \u00fanicas los 365 d\u00edas del a\u00f1o; as\u00ed, los asistentes descubrieron por qu\u00e9 este rinc\u00f3n canadiense conquista corazones con su cultura, historia y naturaleza.<\/p>\n<p><a href=\"https:\/\/abzturistico.com\/wp-content\/uploads\/2025\/11\/IMG_6845.jpeg\"><img loading=\"lazy\" decoding=\"async\" class=\"aligncenter size-full wp-image-56295\" src=\"https:\/\/abzturistico.com\/wp-content\/uploads\/2025\/11\/IMG_6845.jpeg\" alt=\"\" width=\"1280\" height=\"853\" srcset=\"https:\/\/abzturistico.com\/wp-content\/uploads\/2025\/11\/IMG_6845.jpeg 1280w, https:\/\/abzturistico.com\/wp-content\/uploads\/2025\/11\/IMG_6845-300x200.jpeg 300w, https:\/\/abzturistico.com\/wp-content\/uploads\/2025\/11\/IMG_6845-1024x682.jpeg 1024w, https:\/\/abzturistico.com\/wp-content\/uploads\/2025\/11\/IMG_6845-768x512.jpeg 768w, https:\/\/abzturistico.com\/wp-content\/uploads\/2025\/11\/IMG_6845-400x267.jpeg 400w, https:\/\/abzturistico.com\/wp-content\/uploads\/2025\/11\/IMG_6845-900x600.jpeg 900w\" sizes=\"auto, (max-width: 1280px) 100vw, 1280px\" \/><\/a><\/p>\n<h3>UN VIAJE QUE INSPIRA LOS SENTIDOS<\/h3>\n<p>En esta ocasi\u00f3n, Juli\u00e1 Tours cont\u00f3 con la participaci\u00f3n especial de Jorge Cabrera, representante de Bonjour Qu\u00e9bec, quien comparti\u00f3 un recorrido lleno de inspiraci\u00f3n por algunos de los lugares m\u00e1s emblem\u00e1ticos de la provincia.<\/p>\n<p>Desde el famoso hotel de hielo, situado a solo 30 minutos de la ciudad, hasta los paisajes nevados de Mont-Tremblant y Saint Sauveur, los agentes pudieron conocer experiencias que van desde la adrenalina del esqu\u00ed hasta el descanso total en el Str\u00f8m Spa, con sus relajantes vistas al majestuoso r\u00edo San Lorenzo.<\/p>\n<p>Tambi\u00e9n se destacaron tesoros como el Ch\u00e2teau Frontenac, s\u00edmbolo arquitect\u00f3nico de Quebec; las Cascadas Montmorency, m\u00e1s altas que las del Ni\u00e1gara; las tradicionales Caba\u00f1as de az\u00facar, donde el dulce maple es protagonista; y el encantador Zool\u00f3gico de Saint-F\u00e9licien, ideal para un paseo familiar entre la fauna local.<\/p>\n<p><a href=\"https:\/\/abzturistico.com\/wp-content\/uploads\/2025\/11\/IMG_6800.jpeg\"><img loading=\"lazy\" decoding=\"async\" class=\"aligncenter size-full wp-image-56294\" src=\"https:\/\/abzturistico.com\/wp-content\/uploads\/2025\/11\/IMG_6800.jpeg\" alt=\"\" width=\"1280\" height=\"853\" srcset=\"https:\/\/abzturistico.com\/wp-content\/uploads\/2025\/11\/IMG_6800.jpeg 1280w, https:\/\/abzturistico.com\/wp-content\/uploads\/2025\/11\/IMG_6800-300x200.jpeg 300w, https:\/\/abzturistico.com\/wp-content\/uploads\/2025\/11\/IMG_6800-1024x682.jpeg 1024w, https:\/\/abzturistico.com\/wp-content\/uploads\/2025\/11\/IMG_6800-768x512.jpeg 768w, https:\/\/abzturistico.com\/wp-content\/uploads\/2025\/11\/IMG_6800-400x267.jpeg 400w, https:\/\/abzturistico.com\/wp-content\/uploads\/2025\/11\/IMG_6800-900x600.jpeg 900w\" sizes=\"auto, (max-width: 1280px) 100vw, 1280px\" \/><\/a><\/p>\n<p><a href=\"https:\/\/abzturistico.com\/wp-content\/uploads\/2025\/11\/IMG_6797.jpeg\"><img loading=\"lazy\" decoding=\"async\" class=\"aligncenter size-full wp-image-56293\" src=\"https:\/\/abzturistico.com\/wp-content\/uploads\/2025\/11\/IMG_6797.jpeg\" alt=\"\" width=\"1280\" height=\"853\" srcset=\"https:\/\/abzturistico.com\/wp-content\/uploads\/2025\/11\/IMG_6797.jpeg 1280w, https:\/\/abzturistico.com\/wp-content\/uploads\/2025\/11\/IMG_6797-300x200.jpeg 300w, https:\/\/abzturistico.com\/wp-content\/uploads\/2025\/11\/IMG_6797-1024x682.jpeg 1024w, https:\/\/abzturistico.com\/wp-content\/uploads\/2025\/11\/IMG_6797-768x512.jpeg 768w, https:\/\/abzturistico.com\/wp-content\/uploads\/2025\/11\/IMG_6797-400x267.jpeg 400w, https:\/\/abzturistico.com\/wp-content\/uploads\/2025\/11\/IMG_6797-900x600.jpeg 900w\" sizes=\"auto, (max-width: 1280px) 100vw, 1280px\" \/><\/a><\/p>\n<h3>CAPACITACI\u00d3N QUE IMPULSA A LOS AGENTES<\/h3>\n<p>Con esta presentaci\u00f3n, Juli\u00e1 Tours M\u00e9xico mantiene su compromiso con la capacitaci\u00f3n continua, ofreciendo a los agentes de viajes las herramientas necesarias para vender destinos con confianza y grandes incentivos.<\/p>\n<p><a href=\"https:\/\/abzturistico.com\/wp-content\/uploads\/2025\/11\/IMG_6792.jpeg\"><img loading=\"lazy\" decoding=\"async\" class=\"aligncenter size-full wp-image-56292\" src=\"https:\/\/abzturistico.com\/wp-content\/uploads\/2025\/11\/IMG_6792.jpeg\" alt=\"\" width=\"1280\" height=\"853\" srcset=\"https:\/\/abzturistico.com\/wp-content\/uploads\/2025\/11\/IMG_6792.jpeg 1280w, https:\/\/abzturistico.com\/wp-content\/uploads\/2025\/11\/IMG_6792-300x200.jpeg 300w, https:\/\/abzturistico.com\/wp-content\/uploads\/2025\/11\/IMG_6792-1024x682.jpeg 1024w, https:\/\/abzturistico.com\/wp-content\/uploads\/2025\/11\/IMG_6792-768x512.jpeg 768w, https:\/\/abzturistico.com\/wp-content\/uploads\/2025\/11\/IMG_6792-400x267.jpeg 400w, https:\/\/abzturistico.com\/wp-content\/uploads\/2025\/11\/IMG_6792-900x600.jpeg 900w\" sizes=\"auto, (max-width: 1280px) 100vw, 1280px\" \/><\/a><\/p>\n<p>&nbsp;<\/p>\n","protected":false},"excerpt":{"rendered":"<p>En un desayuno-presentaci\u00f3n organizado por Juli\u00e1 Tours, Quebec se present\u00f3 ante los agentes de viajes tapat\u00edos con su encanto europeo, paisajes que enamoran en cualquier temporada y, como un destino que ofrece experiencias \u00fanicas los 365 d\u00edas del a\u00f1o; as\u00ed, los asistentes descubrieron por qu\u00e9 este rinc\u00f3n canadiense conquista corazones con su cultura, historia y naturaleza. UN VIAJE QUE INSPIRA LOS SENTIDOS En esta ocasi\u00f3n, Juli\u00e1 Tours cont\u00f3 con la participaci\u00f3n especial de Jorge Cabrera, representante de Bonjour Qu\u00e9bec, quien comparti\u00f3 un recorrido lleno de inspiraci\u00f3n por algunos de los lugares m\u00e1s emblem\u00e1ticos de la provincia. Desde el famoso hotel [&hellip;]<\/p>\n","protected":false},"author":7,"featured_media":56291,"comment_status":"open","ping_status":"open","sticky":false,"template":"","format":"standard","meta":{"footnotes":""},"categories":[576,12],"tags":[],"class_list":["post-56290","post","type-post","status-publish","format-standard","has-post-thumbnail","hentry","category-app","category-clic"],"_links":{"self":[{"href":"https:\/\/abzturistico.com\/index.php?rest_route=\/wp\/v2\/posts\/56290","targetHints":{"allow":["GET"]}}],"collection":[{"href":"https:\/\/abzturistico.com\/index.php?rest_route=\/wp\/v2\/posts"}],"about":[{"href":"https:\/\/abzturistico.com\/index.php?rest_route=\/wp\/v2\/types\/post"}],"author":[{"embeddable":true,"href":"https:\/\/abzturistico.com\/index.php?rest_route=\/wp\/v2\/users\/7"}],"replies":[{"embeddable":true,"href":"https:\/\/abzturistico.com\/index.php?rest_route=%2Fwp%2Fv2%2Fcomments&post=56290"}],"version-history":[{"count":1,"href":"https:\/\/abzturistico.com\/index.php?rest_route=\/wp\/v2\/posts\/56290\/revisions"}],"predecessor-version":[{"id":56296,"href":"https:\/\/abzturistico.com\/index.php?rest_route=\/wp\/v2\/posts\/56290\/revisions\/56296"}],"wp:featuredmedia":[{"embeddable":true,"href":"https:\/\/abzturistico.com\/index.php?rest_route=\/wp\/v2\/media\/56291"}],"wp:attachment":[{"href":"https:\/\/abzturistico.com\/index.php?rest_route=%2Fwp%2Fv2%2Fmedia&parent=56290"}],"wp:term":[{"taxonomy":"category","embeddable":true,"href":"https:\/\/abzturistico.com\/index.php?rest_route=%2Fwp%2Fv2%2Fcategories&post=56290"},{"taxonomy":"post_tag","embeddable":true,"href":"https:\/\/abzturistico.com\/index.php?rest_route=%2Fwp%2Fv2%2Ftags&post=56290"}],"curies":[{"name":"wp","href":"https:\/\/api.w.org\/{rel}","templated":true}]}}