{"id":56063,"date":"2025-11-01T00:00:17","date_gmt":"2025-11-01T06:00:17","guid":{"rendered":"https:\/\/abzturistico.com\/?p=56063"},"modified":"2025-10-31T11:42:19","modified_gmt":"2025-10-31T17:42:19","slug":"carta-del-director-308","status":"publish","type":"post","link":"https:\/\/abzturistico.com\/?p=56063","title":{"rendered":"Carta del Director 308"},"content":{"rendered":"<p>Nuestra industria vive un momento interesante: entre la consolidaci\u00f3n de lo que hemos construido y la apertura hacia nuevas formas de conectar, innovar y crecer. Por ello creo que m\u00e1s que un sector, es un reflejo de c\u00f3mo queremos relacionarnos con los dem\u00e1s. Y eso se nota en los proyectos que evolucionan, en las experiencias mejor pensadas y en ese impulso constante por ofrecer algo diferente.<\/p>\n<p>En ABZ Tur\u00edstico somos testigos de ese movimiento. 2025 ha sido un a\u00f1o de aprendizaje y transformaci\u00f3n, y el 2026 se vislumbra con fuerza: m\u00e1s profesional, m\u00e1s tecnol\u00f3gico, pero sobre todo, m\u00e1s humano.<\/p>\n<p>Lo hemos visto en cada evento, en cada encuentro con agentes, hoteleros, operadores y prestadores de servicios en general: hay una energ\u00eda renovada, una visi\u00f3n m\u00e1s clara de hacia d\u00f3nde queremos llevar al turismo. La colaboraci\u00f3n entre los distintos actores del sector se ha vuelto clave, y la creatividad sigue siendo la herramienta m\u00e1s poderosa para mantenerse vigente. Desde nuestro espacio, seguimos comprometidos en ser ese puente que conecta informaci\u00f3n, experiencias y voces que inspiran. Porque comunicar tambi\u00e9n es formar parte del cambio.<\/p>\n<p>Esta es una edici\u00f3n m\u00e1s pensada para inspirar, informar y conectar a todos los profesionales del turismo con notas que reflejan la innovaci\u00f3n, la experiencia y la conexi\u00f3n dentro de nuestro sector. Desde el FAM Solatino en Ixtapa, el Road Show de Mega Travel, y el c\u00f3ctel de agradecimiento de Iberostar a sus socios comerciales, hasta el Outlet de Grupos de EME Travel, as\u00ed como la celebraci\u00f3n del aniversario Ch\u00e1rter Go y una nota especial para celebrar tambi\u00e9n un a\u00f1o m\u00e1s de \u00e9xito de Selecci\u00f3n de Hoteles. Cada nota ofrece un acercamiento a las experiencias, estrategias y novedades que contin\u00faan marcando tendencia.<\/p>\n<p>Adem\u00e1s, este mes quisimos rendir homenaje a nuestras tradiciones con un especial del D\u00eda de Muertos, recordando a quienes ya no est\u00e1n, pero siguen guiando nuestro camino desde otro lugar. Entre ellos, Jes\u00fas, cuya pasi\u00f3n y visi\u00f3n contin\u00faan presentes en cada edici\u00f3n, en cada meta alcanzada y en la esencia misma de lo que hacemos.<\/p>\n<p>Noviembre es un mes que invita a mirar atr\u00e1s con respeto y hacia adelante con entusiasmo. Que ese sea el esp\u00edritu que nos acompa\u00f1e mientras cerramos este ciclo y nos preparamos para todo lo que viene.<\/p>\n<p style=\"text-align: right;\">Fabiola Campos Campos<br \/>\n<strong>Directora General<\/strong><\/p>\n","protected":false},"excerpt":{"rendered":"<p>Nuestra industria vive un momento interesante: entre la consolidaci\u00f3n de lo que hemos construido y la apertura hacia nuevas formas de conectar, innovar y crecer. Por ello creo que m\u00e1s que un sector, es un reflejo de c\u00f3mo queremos relacionarnos con los dem\u00e1s. Y eso se nota en los proyectos que evolucionan, en las experiencias mejor pensadas y en ese impulso constante por ofrecer algo diferente. En ABZ Tur\u00edstico somos testigos de ese movimiento. 2025 ha sido un a\u00f1o de aprendizaje y transformaci\u00f3n, y el 2026 se vislumbra con fuerza: m\u00e1s profesional, m\u00e1s tecnol\u00f3gico, pero sobre todo, m\u00e1s humano. Lo [&hellip;]<\/p>\n","protected":false},"author":7,"featured_media":48497,"comment_status":"open","ping_status":"open","sticky":false,"template":"","format":"standard","meta":{"footnotes":""},"categories":[576,129,577,247],"tags":[],"class_list":["post-56063","post","type-post","status-publish","format-standard","has-post-thumbnail","hentry","category-app","category-carta-del-director","category-principal","category-secciones"],"_links":{"self":[{"href":"https:\/\/abzturistico.com\/index.php?rest_route=\/wp\/v2\/posts\/56063","targetHints":{"allow":["GET"]}}],"collection":[{"href":"https:\/\/abzturistico.com\/index.php?rest_route=\/wp\/v2\/posts"}],"about":[{"href":"https:\/\/abzturistico.com\/index.php?rest_route=\/wp\/v2\/types\/post"}],"author":[{"embeddable":true,"href":"https:\/\/abzturistico.com\/index.php?rest_route=\/wp\/v2\/users\/7"}],"replies":[{"embeddable":true,"href":"https:\/\/abzturistico.com\/index.php?rest_route=%2Fwp%2Fv2%2Fcomments&post=56063"}],"version-history":[{"count":1,"href":"https:\/\/abzturistico.com\/index.php?rest_route=\/wp\/v2\/posts\/56063\/revisions"}],"predecessor-version":[{"id":56064,"href":"https:\/\/abzturistico.com\/index.php?rest_route=\/wp\/v2\/posts\/56063\/revisions\/56064"}],"wp:featuredmedia":[{"embeddable":true,"href":"https:\/\/abzturistico.com\/index.php?rest_route=\/wp\/v2\/media\/48497"}],"wp:attachment":[{"href":"https:\/\/abzturistico.com\/index.php?rest_route=%2Fwp%2Fv2%2Fmedia&parent=56063"}],"wp:term":[{"taxonomy":"category","embeddable":true,"href":"https:\/\/abzturistico.com\/index.php?rest_route=%2Fwp%2Fv2%2Fcategories&post=56063"},{"taxonomy":"post_tag","embeddable":true,"href":"https:\/\/abzturistico.com\/index.php?rest_route=%2Fwp%2Fv2%2Ftags&post=56063"}],"curies":[{"name":"wp","href":"https:\/\/api.w.org\/{rel}","templated":true}]}}