{"id":55482,"date":"2025-08-01T00:03:29","date_gmt":"2025-08-01T06:03:29","guid":{"rendered":"https:\/\/abzturistico.com\/?p=55482"},"modified":"2025-07-30T22:32:16","modified_gmt":"2025-07-31T04:32:16","slug":"francisco-medina-pasion-vision-y-liderazgo-con-alma-hotelera","status":"publish","type":"post","link":"https:\/\/abzturistico.com\/?p=55482","title":{"rendered":"Francisco Medina: PASI\u00d3N, VISI\u00d3N Y LIDERAZGO CON ALMA HOTELERA"},"content":{"rendered":"<p>La historia de Francisco Medina Elizalde, CEO de Grupo Hotelero Santa Fe, ha estado ligada al mundo de la hospitalidad desde siempre. Su padre fue hotelero \u201c<em>toda la vida<\/em>\u201d, seg\u00fan describe Medina, y creci\u00f3 en una familia donde todos (incluidos sus cinco hermanos), estuvieron de una u otra forma vinculados al turismo.}<\/p>\n<p>\u201c<em>Vengo de una familia hotelera, lo traemos en la <\/em><em>sangre<\/em>\u201d, nos cont\u00f3 con orgullo, y aunque en sus primeros a\u00f1os so\u00f1aba con ser futbolista profesional, una lesi\u00f3n lo llev\u00f3 a redirigir su camino y estudiar Administraci\u00f3n de Empresas. A los 18 a\u00f1os comenz\u00f3 su trayectoria en el sector, y aunque al principio no estaba en sus planes dedicarse a esto, pronto descubri\u00f3 que la hoteler\u00eda, era su verdadera vocaci\u00f3n y en lo que quer\u00eda desarrollarse.<\/p>\n<h3>UN ASCENSO TEMPRANO Y CONSTANTE<\/h3>\n<p>A los 25 a\u00f1os, Francisco Medina obtuvo su primera gerencia en un hotel de Puerto Vallarta; desde entonces, su trayectoria se desarroll\u00f3 en reconocidas cadenas hoteleras y a los 30 a\u00f1os se convirti\u00f3 en director de operaciones.<\/p>\n<p><em>&#8220;Fue una etapa de mucho aprendizaje y de grandes retos <\/em><em>que me marcaron profesionalmente\u201d.<\/em><\/p>\n<p>Posteriormente se uni\u00f3 a otra compa\u00f1\u00eda, donde se desempe\u00f1\u00f3 como director general para Latinoam\u00e9rica, con la responsabilidad de m\u00e1s de 30 propiedades en destinos como Argentina, Uruguay, Brasil, Cuba, Nueva York y M\u00e9xico.<\/p>\n<p><em>\u201cEra una operaci\u00f3n compleja, pero me dio una visi\u00f3n integral <\/em><em>de la hoteler\u00eda a nivel internacional\u201d<\/em>, se\u00f1al\u00f3.<\/p>\n<p>En 2010, junto con los socios con los que compart\u00eda esa experiencia, fund\u00f3 Grupo Hotelero Santa Fe con una visi\u00f3n clara: crear una empresa s\u00f3lida, multisegmento, multimarcas y profundamente humana.<\/p>\n<p><a href=\"https:\/\/abzturistico.com\/wp-content\/uploads\/2025\/07\/FRANCISCO-M-Img0065.jpeg\"><img loading=\"lazy\" decoding=\"async\" class=\"aligncenter size-full wp-image-55484\" src=\"https:\/\/abzturistico.com\/wp-content\/uploads\/2025\/07\/FRANCISCO-M-Img0065.jpeg\" alt=\"\" width=\"854\" height=\"1280\" srcset=\"https:\/\/abzturistico.com\/wp-content\/uploads\/2025\/07\/FRANCISCO-M-Img0065.jpeg 854w, https:\/\/abzturistico.com\/wp-content\/uploads\/2025\/07\/FRANCISCO-M-Img0065-200x300.jpeg 200w, https:\/\/abzturistico.com\/wp-content\/uploads\/2025\/07\/FRANCISCO-M-Img0065-683x1024.jpeg 683w, https:\/\/abzturistico.com\/wp-content\/uploads\/2025\/07\/FRANCISCO-M-Img0065-768x1151.jpeg 768w, https:\/\/abzturistico.com\/wp-content\/uploads\/2025\/07\/FRANCISCO-M-Img0065-400x600.jpeg 400w\" sizes=\"auto, (max-width: 854px) 100vw, 854px\" \/><\/a><\/p>\n<h3>GRUPO HOTELERO SANTA FE: CONSTRUIR DESDE LA PASI\u00d3N<\/h3>\n<p>Lo que comenz\u00f3 con solo tres hoteles (en Canc\u00fan, Ixtapa y Puerto Vallarta) se ha transformado en un grupo que hoy opera cerca de 30 hoteles y m\u00e1s de 8 mil habitaciones. Su enfoque ha sido firme: desarrollar una plataforma que combine marcas propias, como Krystal, con marcas internacionales, siempre pensando en la rentabilidad para los inversionistas y sin perder de vista lo m\u00e1s importante: el factor humano.<\/p>\n<p><em>\u201cLo que busc\u00e1bamos desde el d\u00eda uno era crear un grupo <\/em><em>hotelero rentable, s\u00ed, pero que tambi\u00e9n dejara huella por su <\/em><em>forma de hacer las cosas\u201d<\/em>, asegura Medina.<\/p>\n<h3>SO\u00d1AR, CRECER Y DEJAR HUELLA<\/h3>\n<p>En Grupo Hotelero Santa Fe, la pasi\u00f3n, el compromiso y el bienestar, se conjugan para brindar un buen ambiente laboral, y sobre todo, procurar experiencias incre\u00edbles para los hu\u00e9spedes en cada una de sus propiedades, as\u00ed lo expresa Francisco, y hoy, a 15 a\u00f1os de haber fundado la marca, Medina dice que puede mirar atr\u00e1s y confirmar que el camino ha valido la pena.<\/p>\n<p><em>\u201cDescubres que lo que te imaginaste hace 20 o 30 a\u00f1os, a <\/em><em>veces es incluso mejor de lo que pensabas\u201d.<\/em><\/p>\n<p>M\u00e1s que una empresa, ha construido una comunidad que evoluciona, que innova, que se adapta y que mantiene como br\u00fajula el servicio y la pasi\u00f3n por la hospitalidad.<\/p>\n<p>\u201c<em>La hoteler\u00eda se tiene que sentir; si no la vives con pasi\u00f3n, es <\/em><em>muy dif\u00edcil tener \u00e9xito<\/em>\u201d.<\/p>\n<p>&nbsp;<\/p>\n","protected":false},"excerpt":{"rendered":"<p>La historia de Francisco Medina Elizalde, CEO de Grupo Hotelero Santa Fe, ha estado ligada al mundo de la hospitalidad desde siempre. Su padre fue hotelero \u201ctoda la vida\u201d, seg\u00fan describe Medina, y creci\u00f3 en una familia donde todos (incluidos sus cinco hermanos), estuvieron de una u otra forma vinculados al turismo.} \u201cVengo de una familia hotelera, lo traemos en la sangre\u201d, nos cont\u00f3 con orgullo, y aunque en sus primeros a\u00f1os so\u00f1aba con ser futbolista profesional, una lesi\u00f3n lo llev\u00f3 a redirigir su camino y estudiar Administraci\u00f3n de Empresas. A los 18 a\u00f1os comenz\u00f3 su trayectoria en el sector, [&hellip;]<\/p>\n","protected":false},"author":7,"featured_media":55483,"comment_status":"open","ping_status":"open","sticky":false,"template":"","format":"standard","meta":{"footnotes":""},"categories":[576,585,247],"tags":[],"class_list":["post-55482","post","type-post","status-publish","format-standard","has-post-thumbnail","hentry","category-app","category-interview","category-secciones"],"_links":{"self":[{"href":"https:\/\/abzturistico.com\/index.php?rest_route=\/wp\/v2\/posts\/55482","targetHints":{"allow":["GET"]}}],"collection":[{"href":"https:\/\/abzturistico.com\/index.php?rest_route=\/wp\/v2\/posts"}],"about":[{"href":"https:\/\/abzturistico.com\/index.php?rest_route=\/wp\/v2\/types\/post"}],"author":[{"embeddable":true,"href":"https:\/\/abzturistico.com\/index.php?rest_route=\/wp\/v2\/users\/7"}],"replies":[{"embeddable":true,"href":"https:\/\/abzturistico.com\/index.php?rest_route=%2Fwp%2Fv2%2Fcomments&post=55482"}],"version-history":[{"count":1,"href":"https:\/\/abzturistico.com\/index.php?rest_route=\/wp\/v2\/posts\/55482\/revisions"}],"predecessor-version":[{"id":55485,"href":"https:\/\/abzturistico.com\/index.php?rest_route=\/wp\/v2\/posts\/55482\/revisions\/55485"}],"wp:featuredmedia":[{"embeddable":true,"href":"https:\/\/abzturistico.com\/index.php?rest_route=\/wp\/v2\/media\/55483"}],"wp:attachment":[{"href":"https:\/\/abzturistico.com\/index.php?rest_route=%2Fwp%2Fv2%2Fmedia&parent=55482"}],"wp:term":[{"taxonomy":"category","embeddable":true,"href":"https:\/\/abzturistico.com\/index.php?rest_route=%2Fwp%2Fv2%2Fcategories&post=55482"},{"taxonomy":"post_tag","embeddable":true,"href":"https:\/\/abzturistico.com\/index.php?rest_route=%2Fwp%2Fv2%2Ftags&post=55482"}],"curies":[{"name":"wp","href":"https:\/\/api.w.org\/{rel}","templated":true}]}}