{"id":55476,"date":"2025-08-01T00:02:35","date_gmt":"2025-08-01T06:02:35","guid":{"rendered":"https:\/\/abzturistico.com\/?p=55476"},"modified":"2025-07-30T22:18:09","modified_gmt":"2025-07-31T04:18:09","slug":"carta-del-director-305","status":"publish","type":"post","link":"https:\/\/abzturistico.com\/?p=55476","title":{"rendered":"Carta del Director 305"},"content":{"rendered":"<p>Hay cosas que inician desde el amor<br \/>\notras desde el dolor\u2026 esta carrera naci\u00f3 desde ambos. Hace tres a\u00f1os, organizar la primera Carrera Tur\u00edstica Jes\u00fas Romero fue una forma de transformar mi duelo en movimiento, en acci\u00f3n, en algo que pudiera reflejar la esencia de qui\u00e9n fue Gzus: un hombre apasionado por el turismo, por correr, por ayudar\u2026 por vivir.<\/p>\n<p>La primera edici\u00f3n fue algo casi improvisado. Con muy poco tiempo para la planeaci\u00f3n (poco m\u00e1s de un mes) y mucha contensi\u00f3n, cari\u00f1o y apoyo de quienes decidieron sumarse. La verdad es que fue literalmente una de las muchas \u201cocurrencias\u201d o acciones que llevaba un a\u00f1o tratando de hacer, para que no doliera tanto. Nos reunimos familia, amigos, colegas y personas que conocieron y quisieron a Jes\u00fas. Fue un homenaje con zancadas, sonrisas, y muchas l\u00e1grimas contenidas, logrando recaudar lo suficiente para dar un primer empuj\u00f3n a la causa.<\/p>\n<p>La segunda carrera, despu\u00e9s de haber recibido muchos comentarios como: \u201c<em>para la pr\u00f3xima inv\u00edtame <\/em><em>a participar<\/em>\u201d, fue creciendo favorablemente; duplicando esfuerzos, participaci\u00f3n y corazones unidos por una causa y en esta ocasi\u00f3n, con esa invaluable suma de esfuerzos, cuadriplicamos el monto. As\u00ed que este a\u00f1o, \u00a1vamos por m\u00e1s!<\/p>\n<p>Y bueno, ahora, en esta tercera edici\u00f3n, sucede algo que nunca imagin\u00e9: much\u00edsimas de las personas que participan (ya sea como corredores, <em>staff<\/em> y\/o patrocinadores) no conocieron a Jes\u00fas en vida, pero se han interesado tanto por la carrera, que incluso han buscado conocer m\u00e1s sobre la historia detr\u00e1s de ella\u2026 y as\u00ed fue como han llegado a conocer a Jes\u00fas.<\/p>\n<p>Nuestro especial de cada a\u00f1o en la edici\u00f3n de agosto, va dedicado para Gzus, y en justamente c\u00f3mo alguien que ya no est\u00e1 f\u00edsicamente puede seguir tocando vidas. En c\u00f3mo el recuerdo se convierte en motor. En c\u00f3mo el cari\u00f1o se multiplica cuando se comparte. Jes\u00fas, sin estar, sigue inspirando. Y eso, para m\u00ed, es magia.<\/p>\n<p>Gracias infinitas a todo mi \u201c<em>Dream Team<\/em>\u201d, a cada patrocinador, colega, familia, amigo, corredor y voluntario que se ha sumado. Gracias a quienes han hecho de esta carrera mucho m\u00e1s que un evento deportivo: un s\u00edmbolo de amor, de comunidad, de prop\u00f3sito.<\/p>\n<p>Y sobre todo, gracias a ti, cari\u00f1ote. Por ense\u00f1arnos a correr\u2026 con el coraz\u00f3n por delante.<\/p>\n<p style=\"text-align: right;\"><em>Fabiola Campos Campos<\/em><br \/>\nDirectora General<\/p>\n","protected":false},"excerpt":{"rendered":"<p>Hay cosas que inician desde el amor otras desde el dolor\u2026 esta carrera naci\u00f3 desde ambos. Hace tres a\u00f1os, organizar la primera Carrera Tur\u00edstica Jes\u00fas Romero fue una forma de transformar mi duelo en movimiento, en acci\u00f3n, en algo que pudiera reflejar la esencia de qui\u00e9n fue Gzus: un hombre apasionado por el turismo, por correr, por ayudar\u2026 por vivir. La primera edici\u00f3n fue algo casi improvisado. Con muy poco tiempo para la planeaci\u00f3n (poco m\u00e1s de un mes) y mucha contensi\u00f3n, cari\u00f1o y apoyo de quienes decidieron sumarse. La verdad es que fue literalmente una de las muchas \u201cocurrencias\u201d [&hellip;]<\/p>\n","protected":false},"author":7,"featured_media":48497,"comment_status":"open","ping_status":"open","sticky":false,"template":"","format":"standard","meta":{"footnotes":""},"categories":[576,129,247],"tags":[],"class_list":["post-55476","post","type-post","status-publish","format-standard","has-post-thumbnail","hentry","category-app","category-carta-del-director","category-secciones"],"_links":{"self":[{"href":"https:\/\/abzturistico.com\/index.php?rest_route=\/wp\/v2\/posts\/55476","targetHints":{"allow":["GET"]}}],"collection":[{"href":"https:\/\/abzturistico.com\/index.php?rest_route=\/wp\/v2\/posts"}],"about":[{"href":"https:\/\/abzturistico.com\/index.php?rest_route=\/wp\/v2\/types\/post"}],"author":[{"embeddable":true,"href":"https:\/\/abzturistico.com\/index.php?rest_route=\/wp\/v2\/users\/7"}],"replies":[{"embeddable":true,"href":"https:\/\/abzturistico.com\/index.php?rest_route=%2Fwp%2Fv2%2Fcomments&post=55476"}],"version-history":[{"count":1,"href":"https:\/\/abzturistico.com\/index.php?rest_route=\/wp\/v2\/posts\/55476\/revisions"}],"predecessor-version":[{"id":55477,"href":"https:\/\/abzturistico.com\/index.php?rest_route=\/wp\/v2\/posts\/55476\/revisions\/55477"}],"wp:featuredmedia":[{"embeddable":true,"href":"https:\/\/abzturistico.com\/index.php?rest_route=\/wp\/v2\/media\/48497"}],"wp:attachment":[{"href":"https:\/\/abzturistico.com\/index.php?rest_route=%2Fwp%2Fv2%2Fmedia&parent=55476"}],"wp:term":[{"taxonomy":"category","embeddable":true,"href":"https:\/\/abzturistico.com\/index.php?rest_route=%2Fwp%2Fv2%2Fcategories&post=55476"},{"taxonomy":"post_tag","embeddable":true,"href":"https:\/\/abzturistico.com\/index.php?rest_route=%2Fwp%2Fv2%2Ftags&post=55476"}],"curies":[{"name":"wp","href":"https:\/\/api.w.org\/{rel}","templated":true}]}}