{"id":45172,"date":"2023-02-01T00:48:40","date_gmt":"2023-02-01T06:48:40","guid":{"rendered":"http:\/\/abzturistico.com\/?p=45172"},"modified":"2023-02-01T00:48:40","modified_gmt":"2023-02-01T06:48:40","slug":"desde-los-himalayas-275","status":"publish","type":"post","link":"https:\/\/abzturistico.com\/?p=45172","title":{"rendered":"Desde Los Himalayas 275"},"content":{"rendered":"<h3>CUANDO UN AMIGO SE VA<\/h3>\n<p>Hace muchos a\u00f1os conoc\u00ed a Jes\u00fas, si mal no recuerdo, en aquel entonces \u00e9l ejerc\u00eda como mensajero, un chico t\u00edmido, callado y respetuoso, o por lo menos esa fue mi primera impresi\u00f3n. Con el d\u00eda a d\u00eda me acostumbr\u00e9 a verle de manera constante donde yo trabajaba, dicha frecuencia lo volvi\u00f3 cotidiano, cercano y gener\u00f3 la suficiente confianza para conocernos un poco m\u00e1s.<\/p>\n<p>Me sorprendi\u00f3 gratamente que tras esa timidez, hab\u00eda un chavo de buena charla, amena y diversa, con una notable vocaci\u00f3n de servicio. Recuerdo bien que uno de los primeros temas en com\u00fan que compartimos adicionales al trabajo, fue el f\u00fatbol, mismo que nos permiti\u00f3 con el tiempo desarrollar una buena amistad.<\/p>\n<p>Posteriormente fui testigo de sus ganas de crecer profesionalmente, dado que me lleg\u00f3 a platicar de algunas de sus inquietudes y proyectos, los cuales me hac\u00edan verlo como un tipo so\u00f1ador, y siendo honesto, pens\u00e9 en aquel entonces que quiz\u00e1s ser\u00eda una m\u00e1s de esas personas que generan dicha ilusi\u00f3n, pero la dejan a ese nivel solamente, sin accionar para concretar sus proyectos y volverlos realidad.<\/p>\n<p>Con el tiempo afortunadamente me demostr\u00f3 lo contrario, fui espectador de como materializaba cada uno de ellos. Nunca olvidar\u00e9 cuando me present\u00f3 el proyecto de ABZ Tur\u00edstico, me dio mucho gusto ver el resultado de su evoluci\u00f3n, sabiendo adaptarse a los cambios que la vida plantea, estando siempre a la vanguardia, posicion\u00e1ndola como la l\u00edder en el mercado y con el perd\u00f3n, haciendo escuela de su actividad para otros.<\/p>\n<p>En fin amigo, soy de los que cree que hay que aprovechar al m\u00e1ximo el tiempo que se nos regala en este mundo, y que m\u00e1s que ser un objetivo de vida el \u00b4trascender\u00b4, es m\u00e1s bien una consecuencia de lo que hacemos mientras la vivimos, es por ello que me dirijo a ti para decirte que, desde mi particular punto de vista, lo lograste en todos los sentidos.<\/p>\n<p>Te recordamos y autom\u00e1ticamente nos genera bienestar y alegr\u00eda hacerlo, seguramente esta consecuencia es producto de haber hecho permanentemente lo correcto, impactando positivamente a cualquier persona que tuvo la fortuna de conocerte, \u00a1muchas gracias amigo!<\/p>\n<p>&nbsp;<\/p>\n<p><a href=\"https:\/\/abzturistico.com\/wp-content\/uploads\/2023\/02\/rodolfo-y-jesus.jpg\"><img loading=\"lazy\" decoding=\"async\" class=\"size-full wp-image-45174 aligncenter\" src=\"https:\/\/abzturistico.com\/wp-content\/uploads\/2023\/02\/rodolfo-y-jesus.jpg\" alt=\"\" width=\"1022\" height=\"961\" srcset=\"https:\/\/abzturistico.com\/wp-content\/uploads\/2023\/02\/rodolfo-y-jesus.jpg 1022w, https:\/\/abzturistico.com\/wp-content\/uploads\/2023\/02\/rodolfo-y-jesus-300x282.jpg 300w, https:\/\/abzturistico.com\/wp-content\/uploads\/2023\/02\/rodolfo-y-jesus-768x722.jpg 768w, https:\/\/abzturistico.com\/wp-content\/uploads\/2023\/02\/rodolfo-y-jesus-400x376.jpg 400w, https:\/\/abzturistico.com\/wp-content\/uploads\/2023\/02\/rodolfo-y-jesus-638x600.jpg 638w\" sizes=\"auto, (max-width: 1022px) 100vw, 1022px\" \/><\/a><\/p>\n<p style=\"text-align: right;\"><strong>Rodolfo Camarena<\/strong><br \/>\nPresidente Corporativo de Imacop Tour Corporation<\/p>\n","protected":false},"excerpt":{"rendered":"<p>CUANDO UN AMIGO SE VA Hace muchos a\u00f1os conoc\u00ed a Jes\u00fas, si mal no recuerdo, en aquel entonces \u00e9l ejerc\u00eda como mensajero, un chico t\u00edmido, callado y respetuoso, o por lo menos esa fue mi primera impresi\u00f3n. Con el d\u00eda a d\u00eda me acostumbr\u00e9 a verle de manera constante donde yo trabajaba, dicha frecuencia lo volvi\u00f3 cotidiano, cercano y gener\u00f3 la suficiente confianza para conocernos un poco m\u00e1s. Me sorprendi\u00f3 gratamente que tras esa timidez, hab\u00eda un chavo de buena charla, amena y diversa, con una notable vocaci\u00f3n de servicio. Recuerdo bien que uno de los primeros temas en com\u00fan [&hellip;]<\/p>\n","protected":false},"author":7,"featured_media":45173,"comment_status":"open","ping_status":"open","sticky":false,"template":"","format":"standard","meta":{"footnotes":""},"categories":[576,588,247],"tags":[],"class_list":["post-45172","post","type-post","status-publish","format-standard","has-post-thumbnail","hentry","category-app","category-desde-los-himalayas","category-secciones"],"_links":{"self":[{"href":"https:\/\/abzturistico.com\/index.php?rest_route=\/wp\/v2\/posts\/45172","targetHints":{"allow":["GET"]}}],"collection":[{"href":"https:\/\/abzturistico.com\/index.php?rest_route=\/wp\/v2\/posts"}],"about":[{"href":"https:\/\/abzturistico.com\/index.php?rest_route=\/wp\/v2\/types\/post"}],"author":[{"embeddable":true,"href":"https:\/\/abzturistico.com\/index.php?rest_route=\/wp\/v2\/users\/7"}],"replies":[{"embeddable":true,"href":"https:\/\/abzturistico.com\/index.php?rest_route=%2Fwp%2Fv2%2Fcomments&post=45172"}],"version-history":[{"count":1,"href":"https:\/\/abzturistico.com\/index.php?rest_route=\/wp\/v2\/posts\/45172\/revisions"}],"predecessor-version":[{"id":45175,"href":"https:\/\/abzturistico.com\/index.php?rest_route=\/wp\/v2\/posts\/45172\/revisions\/45175"}],"wp:featuredmedia":[{"embeddable":true,"href":"https:\/\/abzturistico.com\/index.php?rest_route=\/wp\/v2\/media\/45173"}],"wp:attachment":[{"href":"https:\/\/abzturistico.com\/index.php?rest_route=%2Fwp%2Fv2%2Fmedia&parent=45172"}],"wp:term":[{"taxonomy":"category","embeddable":true,"href":"https:\/\/abzturistico.com\/index.php?rest_route=%2Fwp%2Fv2%2Fcategories&post=45172"},{"taxonomy":"post_tag","embeddable":true,"href":"https:\/\/abzturistico.com\/index.php?rest_route=%2Fwp%2Fv2%2Ftags&post=45172"}],"curies":[{"name":"wp","href":"https:\/\/api.w.org\/{rel}","templated":true}]}}