{"id":45123,"date":"2023-01-01T00:11:41","date_gmt":"2023-01-01T06:11:41","guid":{"rendered":"http:\/\/abzturistico.com\/?p=45123"},"modified":"2022-12-31T23:55:49","modified_gmt":"2023-01-01T05:55:49","slug":"hoteles-buenaventura-celebran-su-40-aniversario","status":"publish","type":"post","link":"https:\/\/abzturistico.com\/?p=45123","title":{"rendered":"HOTELES BUENAVENTURA CELEBRAN SU 40 ANIVERSARIO"},"content":{"rendered":"<p>Poder celebrar en compa\u00f1\u00eda de familia, amigos y todas aquellas personas que han puesto su granito de arena para hacer que una empresa funcione con \u00e9xito, siempre es un gozo que se suma a la alegr\u00eda de conmemorar un a\u00f1o m\u00e1s de trayectoria, o en el caso de Hoteles Buenaventura, el poder solemnizar cuatro d\u00e9cadas de esfuerzo, dedicaci\u00f3n, tenacidad, constancia y objetivos cumplidos como una empresa que se ha sabido consolidar dentro de la hoteler\u00eda vallartense.<\/p>\n<p><a href=\"https:\/\/abzturistico.com\/wp-content\/uploads\/2022\/12\/BV-1.jpg\"><img loading=\"lazy\" decoding=\"async\" class=\"alignnone size-full wp-image-45124\" src=\"https:\/\/abzturistico.com\/wp-content\/uploads\/2022\/12\/BV-1.jpg\" alt=\"\" width=\"1280\" height=\"853\" srcset=\"https:\/\/abzturistico.com\/wp-content\/uploads\/2022\/12\/BV-1.jpg 1280w, https:\/\/abzturistico.com\/wp-content\/uploads\/2022\/12\/BV-1-300x200.jpg 300w, https:\/\/abzturistico.com\/wp-content\/uploads\/2022\/12\/BV-1-1024x682.jpg 1024w, https:\/\/abzturistico.com\/wp-content\/uploads\/2022\/12\/BV-1-768x512.jpg 768w, https:\/\/abzturistico.com\/wp-content\/uploads\/2022\/12\/BV-1-400x267.jpg 400w, https:\/\/abzturistico.com\/wp-content\/uploads\/2022\/12\/BV-1-900x600.jpg 900w\" sizes=\"auto, (max-width: 1280px) 100vw, 1280px\" \/><\/a><\/p>\n<p><a href=\"https:\/\/abzturistico.com\/wp-content\/uploads\/2022\/12\/BV-3.jpg\"><img loading=\"lazy\" decoding=\"async\" class=\"alignnone size-full wp-image-45126\" src=\"https:\/\/abzturistico.com\/wp-content\/uploads\/2022\/12\/BV-3.jpg\" alt=\"\" width=\"1280\" height=\"853\" srcset=\"https:\/\/abzturistico.com\/wp-content\/uploads\/2022\/12\/BV-3.jpg 1280w, https:\/\/abzturistico.com\/wp-content\/uploads\/2022\/12\/BV-3-300x200.jpg 300w, https:\/\/abzturistico.com\/wp-content\/uploads\/2022\/12\/BV-3-1024x682.jpg 1024w, https:\/\/abzturistico.com\/wp-content\/uploads\/2022\/12\/BV-3-768x512.jpg 768w, https:\/\/abzturistico.com\/wp-content\/uploads\/2022\/12\/BV-3-400x267.jpg 400w, https:\/\/abzturistico.com\/wp-content\/uploads\/2022\/12\/BV-3-900x600.jpg 900w\" sizes=\"auto, (max-width: 1280px) 100vw, 1280px\" \/><\/a><\/p>\n<p>La playa del hotel Buenaventura Grand Hotel &amp; Great Moments (el primero de la marca inaugurado en 1982) se vio envuelta en una atm\u00f3sfera festiva, con una decoraci\u00f3n boho-chic que arropaba a cada uno de los invitados en un ambiente de calidez y muy familiar, con m\u00fasica en vivo y estaciones de canap\u00e9s y mixolog\u00eda que los llevaban a recorrer el mundo a trav\u00e9s de los sabores.<\/p>\n<p>Los abrazos efusivos, las felicitaciones y las an\u00e9cdotas que evocaban alguna sonrisa eran el parteaguas de una velada que recordar\u00eda los inicios y trayecto de Hoteles Buenaventura.<\/p>\n<p><a href=\"https:\/\/abzturistico.com\/wp-content\/uploads\/2022\/12\/BV-2.jpg\"><img loading=\"lazy\" decoding=\"async\" class=\"alignnone size-full wp-image-45125\" src=\"https:\/\/abzturistico.com\/wp-content\/uploads\/2022\/12\/BV-2.jpg\" alt=\"\" width=\"1280\" height=\"853\" srcset=\"https:\/\/abzturistico.com\/wp-content\/uploads\/2022\/12\/BV-2.jpg 1280w, https:\/\/abzturistico.com\/wp-content\/uploads\/2022\/12\/BV-2-300x200.jpg 300w, https:\/\/abzturistico.com\/wp-content\/uploads\/2022\/12\/BV-2-1024x682.jpg 1024w, https:\/\/abzturistico.com\/wp-content\/uploads\/2022\/12\/BV-2-768x512.jpg 768w, https:\/\/abzturistico.com\/wp-content\/uploads\/2022\/12\/BV-2-400x267.jpg 400w, https:\/\/abzturistico.com\/wp-content\/uploads\/2022\/12\/BV-2-900x600.jpg 900w\" sizes=\"auto, (max-width: 1280px) 100vw, 1280px\" \/><\/a><\/p>\n<p><a href=\"https:\/\/abzturistico.com\/wp-content\/uploads\/2022\/12\/BV-6.jpg\"><img loading=\"lazy\" decoding=\"async\" class=\"alignnone size-full wp-image-45129\" src=\"https:\/\/abzturistico.com\/wp-content\/uploads\/2022\/12\/BV-6.jpg\" alt=\"\" width=\"1280\" height=\"853\" srcset=\"https:\/\/abzturistico.com\/wp-content\/uploads\/2022\/12\/BV-6.jpg 1280w, https:\/\/abzturistico.com\/wp-content\/uploads\/2022\/12\/BV-6-300x200.jpg 300w, https:\/\/abzturistico.com\/wp-content\/uploads\/2022\/12\/BV-6-1024x682.jpg 1024w, https:\/\/abzturistico.com\/wp-content\/uploads\/2022\/12\/BV-6-768x512.jpg 768w, https:\/\/abzturistico.com\/wp-content\/uploads\/2022\/12\/BV-6-400x267.jpg 400w, https:\/\/abzturistico.com\/wp-content\/uploads\/2022\/12\/BV-6-900x600.jpg 900w\" sizes=\"auto, (max-width: 1280px) 100vw, 1280px\" \/><\/a><\/p>\n<blockquote><p>Durante la velada se entreg\u00f3 un reconocimiento a excolaboradores que formaron parte de la familia<br \/>\nde Hoteles Buenaventura \u00a1por m\u00e1s de 30 a\u00f1os! Y para culminar con los festejos, el cielo se ilumin\u00f3<br \/>\ncon fuegos artificiales, dando as\u00ed inicio a una noche m\u00e1gica de festejos.<\/p>\n<p><a href=\"https:\/\/abzturistico.com\/wp-content\/uploads\/2022\/12\/BV-4.jpg\"><img loading=\"lazy\" decoding=\"async\" class=\"alignnone size-full wp-image-45127\" src=\"https:\/\/abzturistico.com\/wp-content\/uploads\/2022\/12\/BV-4.jpg\" alt=\"\" width=\"1280\" height=\"853\" srcset=\"https:\/\/abzturistico.com\/wp-content\/uploads\/2022\/12\/BV-4.jpg 1280w, https:\/\/abzturistico.com\/wp-content\/uploads\/2022\/12\/BV-4-300x200.jpg 300w, https:\/\/abzturistico.com\/wp-content\/uploads\/2022\/12\/BV-4-1024x682.jpg 1024w, https:\/\/abzturistico.com\/wp-content\/uploads\/2022\/12\/BV-4-768x512.jpg 768w, https:\/\/abzturistico.com\/wp-content\/uploads\/2022\/12\/BV-4-400x267.jpg 400w, https:\/\/abzturistico.com\/wp-content\/uploads\/2022\/12\/BV-4-900x600.jpg 900w\" sizes=\"auto, (max-width: 1280px) 100vw, 1280px\" \/><\/a><\/p><\/blockquote>\n<h3>EL LEGADO PERMANECE<\/h3>\n<p>Para ello, el Lic. Abel Villa S\u00e1nchez comparti\u00f3 un emotivo mensaje en el que a trav\u00e9s de sus palabras hizo un breve recuento de la historia de la empresa, un camino que han transido a trav\u00e9s de decisiones firmes y algunos obst\u00e1culos que se han presentado en el camino en forma de crisis financieras, huracanes, pandemias y m\u00e1s; situaciones complejas que han dejado un aprendizaje y una muestra de su voluntad inquebrantable.<\/p>\n<p>\u201c<em>Hoy estamos celebrando 40 a\u00f1os, pero ya tenemos <\/em><em>en mente los siguientes 40, y prueba de ello <\/em><em>es la reinversi\u00f3n que hemos hecho en nuestras tres <\/em><em>propiedades a lo largo de los \u00faltimos a\u00f1os\u2026 deseamos <\/em><em>seguir creciendo con este destino tur\u00edstico <\/em><em>que nos vio nacer y continuar trabajando con el <\/em><em>coraz\u00f3n para seguir creando recuerdos y experiencias <\/em><em>memorables para todos nuestros hu\u00e9spedes.<\/em><\/p>\n<p><em>Gracias, porque estoy seguro que en algunos a\u00f1os <\/em><em>nos volveremos a encontrar para continuar celebrando <\/em><em>esta historia que lleva por nombre Hoteles <\/em><em>Buenaventura<\/em>\u201d. &#8211; Lic. Abel Villa S\u00e1nchez, director general de Hoteles Buenaventura.<\/p>\n<p><a href=\"https:\/\/abzturistico.com\/wp-content\/uploads\/2022\/12\/BV-7.jpg\"><img loading=\"lazy\" decoding=\"async\" class=\"alignnone size-full wp-image-45130\" src=\"https:\/\/abzturistico.com\/wp-content\/uploads\/2022\/12\/BV-7.jpg\" alt=\"\" width=\"1280\" height=\"853\" srcset=\"https:\/\/abzturistico.com\/wp-content\/uploads\/2022\/12\/BV-7.jpg 1280w, https:\/\/abzturistico.com\/wp-content\/uploads\/2022\/12\/BV-7-300x200.jpg 300w, https:\/\/abzturistico.com\/wp-content\/uploads\/2022\/12\/BV-7-1024x682.jpg 1024w, https:\/\/abzturistico.com\/wp-content\/uploads\/2022\/12\/BV-7-768x512.jpg 768w, https:\/\/abzturistico.com\/wp-content\/uploads\/2022\/12\/BV-7-400x267.jpg 400w, https:\/\/abzturistico.com\/wp-content\/uploads\/2022\/12\/BV-7-900x600.jpg 900w\" sizes=\"auto, (max-width: 1280px) 100vw, 1280px\" \/><\/a><\/p>\n<h3>UNI\u00d3N DE VOLUNTADES<\/h3>\n<p>Para reconocer tambi\u00e9n a todas las personas que han sido parte del camino de esta gran historia, el Arquitecto Abel Villa dijo que todo lo que han logrado no ser\u00eda posible sin el esfuerzo de muchas personas que han cre\u00eddo y se han sumado al proyecto para evolucionar en una industria que es altamente demandante, pero a la vez muy noble y gratificante.<\/p>\n<p><a href=\"https:\/\/abzturistico.com\/wp-content\/uploads\/2022\/12\/BV-8.jpg\"><img loading=\"lazy\" decoding=\"async\" class=\"alignnone size-full wp-image-45131\" src=\"https:\/\/abzturistico.com\/wp-content\/uploads\/2022\/12\/BV-8.jpg\" alt=\"\" width=\"1280\" height=\"853\" srcset=\"https:\/\/abzturistico.com\/wp-content\/uploads\/2022\/12\/BV-8.jpg 1280w, https:\/\/abzturistico.com\/wp-content\/uploads\/2022\/12\/BV-8-300x200.jpg 300w, https:\/\/abzturistico.com\/wp-content\/uploads\/2022\/12\/BV-8-1024x682.jpg 1024w, https:\/\/abzturistico.com\/wp-content\/uploads\/2022\/12\/BV-8-768x512.jpg 768w, https:\/\/abzturistico.com\/wp-content\/uploads\/2022\/12\/BV-8-400x267.jpg 400w, https:\/\/abzturistico.com\/wp-content\/uploads\/2022\/12\/BV-8-900x600.jpg 900w\" sizes=\"auto, (max-width: 1280px) 100vw, 1280px\" \/><\/a><\/p>\n<p><a href=\"https:\/\/abzturistico.com\/wp-content\/uploads\/2022\/12\/BV-9.jpg\"><img loading=\"lazy\" decoding=\"async\" class=\"alignnone size-full wp-image-45132\" src=\"https:\/\/abzturistico.com\/wp-content\/uploads\/2022\/12\/BV-9.jpg\" alt=\"\" width=\"853\" height=\"1280\" srcset=\"https:\/\/abzturistico.com\/wp-content\/uploads\/2022\/12\/BV-9.jpg 853w, https:\/\/abzturistico.com\/wp-content\/uploads\/2022\/12\/BV-9-200x300.jpg 200w, https:\/\/abzturistico.com\/wp-content\/uploads\/2022\/12\/BV-9-682x1024.jpg 682w, https:\/\/abzturistico.com\/wp-content\/uploads\/2022\/12\/BV-9-768x1152.jpg 768w, https:\/\/abzturistico.com\/wp-content\/uploads\/2022\/12\/BV-9-400x600.jpg 400w\" sizes=\"auto, (max-width: 853px) 100vw, 853px\" \/><\/a><\/p>\n<p>\u201c<em>Es una bendici\u00f3n compartir este momento con <\/em><em>ustedes\u2026 y en nombre de mis hermanos y como <\/em><em>presidente del Consejo de Hoteles Buenaventura, <\/em><em>quiero decirles \u00a1GRACIAS!<\/em><\/p>\n<p><em>Iniciamos en esta aventura con mi padre, el Ingeniero <\/em><em>Jos\u00e9 Abel Villa Gonz\u00e1lez hace 40 a\u00f1os\u2026 \u00e9l <\/em><em>dec\u00eda que fue el mejor negocio que hizo en la vida; <\/em><em>fue una aventura verdaderamente\u2026 sin duda es <\/em><em>un oficio demandante, pero tambi\u00e9n todos los d\u00edas <\/em><em>tenemos la oportunidad de dejar a cada hu\u00e9sped <\/em><em>satisfecho y es un sentimiento muy satisfactorio<\/em>\u201d. -Arq. Abel Villa, presidente del Consejo de Hoteles Buenaventura.<\/p>\n<p><a href=\"https:\/\/abzturistico.com\/wp-content\/uploads\/2022\/12\/BV-10.jpg\"><img loading=\"lazy\" decoding=\"async\" class=\"alignnone size-full wp-image-45133\" src=\"https:\/\/abzturistico.com\/wp-content\/uploads\/2022\/12\/BV-10.jpg\" alt=\"\" width=\"853\" height=\"1280\" srcset=\"https:\/\/abzturistico.com\/wp-content\/uploads\/2022\/12\/BV-10.jpg 853w, https:\/\/abzturistico.com\/wp-content\/uploads\/2022\/12\/BV-10-200x300.jpg 200w, https:\/\/abzturistico.com\/wp-content\/uploads\/2022\/12\/BV-10-682x1024.jpg 682w, https:\/\/abzturistico.com\/wp-content\/uploads\/2022\/12\/BV-10-768x1152.jpg 768w, https:\/\/abzturistico.com\/wp-content\/uploads\/2022\/12\/BV-10-400x600.jpg 400w\" sizes=\"auto, (max-width: 853px) 100vw, 853px\" \/><\/a><\/p>\n<p><a href=\"https:\/\/abzturistico.com\/wp-content\/uploads\/2022\/12\/BV-11.jpg\"><img loading=\"lazy\" decoding=\"async\" class=\"alignnone size-full wp-image-45134\" src=\"https:\/\/abzturistico.com\/wp-content\/uploads\/2022\/12\/BV-11.jpg\" alt=\"\" width=\"1280\" height=\"853\" srcset=\"https:\/\/abzturistico.com\/wp-content\/uploads\/2022\/12\/BV-11.jpg 1280w, https:\/\/abzturistico.com\/wp-content\/uploads\/2022\/12\/BV-11-300x200.jpg 300w, https:\/\/abzturistico.com\/wp-content\/uploads\/2022\/12\/BV-11-1024x682.jpg 1024w, https:\/\/abzturistico.com\/wp-content\/uploads\/2022\/12\/BV-11-768x512.jpg 768w, https:\/\/abzturistico.com\/wp-content\/uploads\/2022\/12\/BV-11-400x267.jpg 400w, https:\/\/abzturistico.com\/wp-content\/uploads\/2022\/12\/BV-11-900x600.jpg 900w\" sizes=\"auto, (max-width: 1280px) 100vw, 1280px\" \/><\/a><\/p>\n","protected":false},"excerpt":{"rendered":"<p>Poder celebrar en compa\u00f1\u00eda de familia, amigos y todas aquellas personas que han puesto su granito de arena para hacer que una empresa funcione con \u00e9xito, siempre es un gozo que se suma a la alegr\u00eda de conmemorar un a\u00f1o m\u00e1s de trayectoria, o en el caso de Hoteles Buenaventura, el poder solemnizar cuatro d\u00e9cadas de esfuerzo, dedicaci\u00f3n, tenacidad, constancia y objetivos cumplidos como una empresa que se ha sabido consolidar dentro de la hoteler\u00eda vallartense. La playa del hotel Buenaventura Grand Hotel &amp; Great Moments (el primero de la marca inaugurado en 1982) se vio envuelta en una atm\u00f3sfera [&hellip;]<\/p>\n","protected":false},"author":7,"featured_media":45135,"comment_status":"open","ping_status":"open","sticky":false,"template":"","format":"standard","meta":{"footnotes":""},"categories":[576,12],"tags":[],"class_list":["post-45123","post","type-post","status-publish","format-standard","has-post-thumbnail","hentry","category-app","category-clic"],"_links":{"self":[{"href":"https:\/\/abzturistico.com\/index.php?rest_route=\/wp\/v2\/posts\/45123","targetHints":{"allow":["GET"]}}],"collection":[{"href":"https:\/\/abzturistico.com\/index.php?rest_route=\/wp\/v2\/posts"}],"about":[{"href":"https:\/\/abzturistico.com\/index.php?rest_route=\/wp\/v2\/types\/post"}],"author":[{"embeddable":true,"href":"https:\/\/abzturistico.com\/index.php?rest_route=\/wp\/v2\/users\/7"}],"replies":[{"embeddable":true,"href":"https:\/\/abzturistico.com\/index.php?rest_route=%2Fwp%2Fv2%2Fcomments&post=45123"}],"version-history":[{"count":1,"href":"https:\/\/abzturistico.com\/index.php?rest_route=\/wp\/v2\/posts\/45123\/revisions"}],"predecessor-version":[{"id":45136,"href":"https:\/\/abzturistico.com\/index.php?rest_route=\/wp\/v2\/posts\/45123\/revisions\/45136"}],"wp:featuredmedia":[{"embeddable":true,"href":"https:\/\/abzturistico.com\/index.php?rest_route=\/wp\/v2\/media\/45135"}],"wp:attachment":[{"href":"https:\/\/abzturistico.com\/index.php?rest_route=%2Fwp%2Fv2%2Fmedia&parent=45123"}],"wp:term":[{"taxonomy":"category","embeddable":true,"href":"https:\/\/abzturistico.com\/index.php?rest_route=%2Fwp%2Fv2%2Fcategories&post=45123"},{"taxonomy":"post_tag","embeddable":true,"href":"https:\/\/abzturistico.com\/index.php?rest_route=%2Fwp%2Fv2%2Ftags&post=45123"}],"curies":[{"name":"wp","href":"https:\/\/api.w.org\/{rel}","templated":true}]}}