{"id":44231,"date":"2022-08-31T23:56:09","date_gmt":"2022-09-01T05:56:09","guid":{"rendered":"http:\/\/abzturistico.com\/?p=44231"},"modified":"2022-08-31T23:56:27","modified_gmt":"2022-09-01T05:56:27","slug":"desde-los-himalayas","status":"publish","type":"post","link":"https:\/\/abzturistico.com\/?p=44231","title":{"rendered":"Desde Los Himalayas"},"content":{"rendered":"<p>Jes\u00fas Romero ten\u00eda un prop\u00f3sito muy claro, y todos los que fuimos testigos de la ilusi\u00f3n y obsesi\u00f3n que ten\u00eda por ese sue\u00f1o sab\u00edamos que tarde o temprano lo lograr\u00eda, por m\u00e1s incre\u00edble que pareciera, por m\u00e1s \u201cloco\u201d, por m\u00e1s asombroso, por m\u00e1s impactante, por m\u00e1s il\u00f3gico, por m\u00e1s imposible o por m\u00e1s irreal.<\/p>\n<p>Despu\u00e9s de todo, ya nos hab\u00eda dado muchas muestras de \u201csu rareza\u201d, cuando as\u00ed sin m\u00e1s, simplemente un d\u00eda tom\u00f3 su bicicleta y decidi\u00f3 recorrer trecientos treinta kil\u00f3metros desde Guadalajara hasta Puerto Vallarta para llegar directamente al c\u00f3ctel de inauguraci\u00f3n de Gala Vallarta 2017.<\/p>\n<p>O cuando decidi\u00f3 que caminar\u00eda aproximadamente mil cien kil\u00f3metros desde Francia hasta Finisterre (Espa\u00f1a), durante m\u00e1s de un mes, sin parar ni un solo d\u00eda para recorrer el Camino de Santiago y llegar finalmente a Santiago de Compostela.<\/p>\n<p>Bueno, tengo que hacer una correcci\u00f3n, s\u00ed se detuvo, pero lo hizo porque recorrer m\u00e1s de mil kil\u00f3metros seguramente le pareci\u00f3 poco y decidi\u00f3 \u201cponer en pausa\u201d el Camino de Santiago para volar a Noruega al Marat\u00f3n del Sol de Medianoche en Troms\u00f8, porque correr de noche con el sol brillando, definitivamente era algo que \u00e9l ten\u00eda que hacer, para despu\u00e9s de terminarlo, descansar una noche y regresar a su buen camino peregrino.<\/p>\n<p>Tambi\u00e9n ya acostumbrados a sus muy originales y extremas actividades deportivas, no nos sorprendi\u00f3 a quienes nos comparti\u00f3 que para celebrar su cumplea\u00f1os n\u00famero 50, en marzo pasado, \u00a1correr\u00eda cincuenta kil\u00f3metros, uno por cada a\u00f1o cumplido!, qu\u00e9 bueno que no decidi\u00f3 correr un kil\u00f3metro por cada idea loca que se le ocurr\u00eda, porque si no \u00a1ser\u00eda el segundo Forrest Gump de la historia!<\/p>\n<p>Adem\u00e1s de todo lo anterior, Jes\u00fas tambi\u00e9n ten\u00eda la capacidad de multiplicarse para siempre estar presente en la vida de sus chiquillos y nunca faltar en los momentos m\u00e1s importantes de cada uno.<\/p>\n<p>Nunca supe c\u00f3mo lo hac\u00eda, pero sin importar cualquier viaje, compromiso, reuni\u00f3n, etc., \u00e9l siempre se las ingeni\u00f3 para que sus hijos invariablemente vieran a su pap\u00e1 en primera fila, como el fan n\u00famero 1, con c\u00e1mara en mano y capturando en innumerables im\u00e1genes a cada uno de ellos, para despu\u00e9s presumirlos a todos, en cada oportunidad que se le presentara.<\/p>\n<p>Pero aun as\u00ed, con las mil y un maneras que \u00e9l ten\u00eda de demostrar el amor incondicional que sent\u00eda por su peque\u00f1a gran familia, tambi\u00e9n nosotros sab\u00edamos que era el hombre m\u00e1s necio, determinado, valiente, intr\u00e9pido, arriesgado, aventurero y decidido del planeta, y que cuando una idea se le met\u00eda en la cabeza, no hab\u00eda manera de cambiar eso. Y menos cuando desde siempre nos iba dando \u201cprobaditas\u201d de que lento pero seguro, se iba acercando al momento de cumplir su sue\u00f1o.<\/p>\n<p>Obviamente, mentaliz\u00e1ndonos cada que pod\u00eda con la historia de su plan, el cual iniciaba llegando a \u201cNepal, el tranquilo Nepal\u201d, (mientras lo dec\u00eda con la voz de Charlie Proctor de Monsters Inc, en una de esas escenas que no son ic\u00f3nicas para nadie, excepto para \u00e9l), viendo adem\u00e1s todos los documentales que se puedan imaginar que existen en Netflix, HBO y Amazon en los que las palabras clave fueran: alpinismo, Everest, Himalayas o escalar, alist\u00e1ndose de poco en poco con botas de monta\u00f1a y ropa especial para climas bajo cero, comprando sus piolets para monta\u00f1a \u00a1y claro!, entren\u00e1ndose de todas las formas posibles para tener cada vez mayor y mejor resistencia.<\/p>\n<p>As\u00ed que todos sab\u00edamos que en alg\u00fan momento, simplemente llegar\u00eda el d\u00eda, \u00e9se en el que sencillamente se despedir\u00eda \u201ca su manera\u201d, as\u00ed, sin querer despedirse porque no le gustaba ser el centro de atenci\u00f3n y mucho menos \u201cpreocupar\u201d o hacer sufrir a los suyos, y emprender\u00eda el camino m\u00e1s importante de su vida: Los Himalayas.<\/p>\n<p style=\"text-align: center;\"><a href=\"https:\/\/abzturistico.com\/wp-content\/uploads\/2022\/08\/fa-y-jesus.jpg\"><img loading=\"lazy\" decoding=\"async\" class=\"alignnone size-full wp-image-44232\" src=\"https:\/\/abzturistico.com\/wp-content\/uploads\/2022\/08\/fa-y-jesus.jpg\" alt=\"\" width=\"851\" height=\"1280\" srcset=\"https:\/\/abzturistico.com\/wp-content\/uploads\/2022\/08\/fa-y-jesus.jpg 851w, https:\/\/abzturistico.com\/wp-content\/uploads\/2022\/08\/fa-y-jesus-199x300.jpg 199w, https:\/\/abzturistico.com\/wp-content\/uploads\/2022\/08\/fa-y-jesus-681x1024.jpg 681w, https:\/\/abzturistico.com\/wp-content\/uploads\/2022\/08\/fa-y-jesus-768x1155.jpg 768w, https:\/\/abzturistico.com\/wp-content\/uploads\/2022\/08\/fa-y-jesus-400x602.jpg 400w, https:\/\/abzturistico.com\/wp-content\/uploads\/2022\/08\/fa-y-jesus-399x600.jpg 399w\" sizes=\"auto, (max-width: 851px) 100vw, 851px\" \/><\/a><\/p>\n<p style=\"text-align: right;\">\u00a1Buen viaje mi amor, buen viaje al mejor destino de tu vida!<\/p>\n<p style=\"text-align: right;\"><strong>Fabiola Campos Campos<\/strong><br \/>\n<em>Directora Comercial<\/em><\/p>\n","protected":false},"excerpt":{"rendered":"<p>Jes\u00fas Romero ten\u00eda un prop\u00f3sito muy claro, y todos los que fuimos testigos de la ilusi\u00f3n y obsesi\u00f3n que ten\u00eda por ese sue\u00f1o sab\u00edamos que tarde o temprano lo lograr\u00eda, por m\u00e1s incre\u00edble que pareciera, por m\u00e1s \u201cloco\u201d, por m\u00e1s asombroso, por m\u00e1s impactante, por m\u00e1s il\u00f3gico, por m\u00e1s imposible o por m\u00e1s irreal. Despu\u00e9s de todo, ya nos hab\u00eda dado muchas muestras de \u201csu rareza\u201d, cuando as\u00ed sin m\u00e1s, simplemente un d\u00eda tom\u00f3 su bicicleta y decidi\u00f3 recorrer trecientos treinta kil\u00f3metros desde Guadalajara hasta Puerto Vallarta para llegar directamente al c\u00f3ctel de inauguraci\u00f3n de Gala Vallarta 2017. O cuando [&hellip;]<\/p>\n","protected":false},"author":7,"featured_media":44233,"comment_status":"open","ping_status":"open","sticky":false,"template":"","format":"standard","meta":{"footnotes":""},"categories":[576,588,247],"tags":[],"class_list":["post-44231","post","type-post","status-publish","format-standard","has-post-thumbnail","hentry","category-app","category-desde-los-himalayas","category-secciones"],"_links":{"self":[{"href":"https:\/\/abzturistico.com\/index.php?rest_route=\/wp\/v2\/posts\/44231","targetHints":{"allow":["GET"]}}],"collection":[{"href":"https:\/\/abzturistico.com\/index.php?rest_route=\/wp\/v2\/posts"}],"about":[{"href":"https:\/\/abzturistico.com\/index.php?rest_route=\/wp\/v2\/types\/post"}],"author":[{"embeddable":true,"href":"https:\/\/abzturistico.com\/index.php?rest_route=\/wp\/v2\/users\/7"}],"replies":[{"embeddable":true,"href":"https:\/\/abzturistico.com\/index.php?rest_route=%2Fwp%2Fv2%2Fcomments&post=44231"}],"version-history":[{"count":2,"href":"https:\/\/abzturistico.com\/index.php?rest_route=\/wp\/v2\/posts\/44231\/revisions"}],"predecessor-version":[{"id":44235,"href":"https:\/\/abzturistico.com\/index.php?rest_route=\/wp\/v2\/posts\/44231\/revisions\/44235"}],"wp:featuredmedia":[{"embeddable":true,"href":"https:\/\/abzturistico.com\/index.php?rest_route=\/wp\/v2\/media\/44233"}],"wp:attachment":[{"href":"https:\/\/abzturistico.com\/index.php?rest_route=%2Fwp%2Fv2%2Fmedia&parent=44231"}],"wp:term":[{"taxonomy":"category","embeddable":true,"href":"https:\/\/abzturistico.com\/index.php?rest_route=%2Fwp%2Fv2%2Fcategories&post=44231"},{"taxonomy":"post_tag","embeddable":true,"href":"https:\/\/abzturistico.com\/index.php?rest_route=%2Fwp%2Fv2%2Ftags&post=44231"}],"curies":[{"name":"wp","href":"https:\/\/api.w.org\/{rel}","templated":true}]}}