{"id":42706,"date":"2021-12-01T03:49:08","date_gmt":"2021-12-01T09:49:08","guid":{"rendered":"http:\/\/abzturistico.com\/?p=42706"},"modified":"2021-12-01T03:49:08","modified_gmt":"2021-12-01T09:49:08","slug":"desfile-de-sabores-en-villa-premiere","status":"publish","type":"post","link":"https:\/\/abzturistico.com\/?p=42706","title":{"rendered":"Desfile de sabores en VILLA PREMIERE"},"content":{"rendered":"<p>En el marco de la 13va edici\u00f3n de Vallarta-Nayarit Gastron\u00f3mica, Villa Premiere Boutique Hotel &amp; Romantic Getaway se puso de manteles largos al convertirse en sede de la primera Cena de Embajadores donde los sabores mexicanos se hicieron presentes en el restaurante cocina de autor \u201cLa Corona\u201d por el chef Sebasti\u00e1n Varona.<\/p>\n<p><a href=\"https:\/\/abzturistico.com\/wp-content\/uploads\/2021\/12\/villa-1.jpg\"><img loading=\"lazy\" decoding=\"async\" class=\"alignnone size-full wp-image-42707\" src=\"https:\/\/abzturistico.com\/wp-content\/uploads\/2021\/12\/villa-1.jpg\" alt=\"\" width=\"1280\" height=\"853\" srcset=\"https:\/\/abzturistico.com\/wp-content\/uploads\/2021\/12\/villa-1.jpg 1280w, https:\/\/abzturistico.com\/wp-content\/uploads\/2021\/12\/villa-1-300x200.jpg 300w, https:\/\/abzturistico.com\/wp-content\/uploads\/2021\/12\/villa-1-768x512.jpg 768w, https:\/\/abzturistico.com\/wp-content\/uploads\/2021\/12\/villa-1-1024x682.jpg 1024w, https:\/\/abzturistico.com\/wp-content\/uploads\/2021\/12\/villa-1-400x267.jpg 400w, https:\/\/abzturistico.com\/wp-content\/uploads\/2021\/12\/villa-1-900x600.jpg 900w\" sizes=\"auto, (max-width: 1280px) 100vw, 1280px\" \/><\/a><\/p>\n<h3>\u00a1Que pase el primer plato!<\/h3>\n<p>Para dar inicio a la celebraci\u00f3n, el mix\u00f3logo Enrique Ruiz hizo magia preparando bebidas aut\u00e9nticas con sal de gusano y miel de agave, una probadita de lo que ser\u00eda una velada llena de m\u00fasica, color y \u00a1mojigangas!<\/p>\n<p>Despu\u00e9s de la primera pieza de sabor, fue turno del chef Varona quien impresion\u00f3 los paladares con aperitivos frescos a base de ostiones, erizos y pescado, todo elaborado con productos locales y org\u00e1nicos con presentaciones novedosas para deleitar a cada comensal.<\/p>\n<p>\u00a1El postre no pod\u00eda faltar y menos siendo chocolates! Sabores dulces, amargos, con toques de tequila y mezcal desfilaron en forma de peque\u00f1os bombones que orquestaron una sinfon\u00eda de sensaciones.<\/p>\n<p>No solo el est\u00f3mago disfrut\u00f3, sino que el ambiente y la alegr\u00eda se apoderaron del recinto para regalar una experiencia inolvidable, adem\u00e1s una preciosa vista al mar fue \u201cla guinda del pastel\u201d.<\/p>\n<p><a href=\"https:\/\/abzturistico.com\/wp-content\/uploads\/2021\/12\/villa-2.jpg\"><img loading=\"lazy\" decoding=\"async\" class=\"alignnone size-full wp-image-42708\" src=\"https:\/\/abzturistico.com\/wp-content\/uploads\/2021\/12\/villa-2.jpg\" alt=\"\" width=\"1280\" height=\"853\" srcset=\"https:\/\/abzturistico.com\/wp-content\/uploads\/2021\/12\/villa-2.jpg 1280w, https:\/\/abzturistico.com\/wp-content\/uploads\/2021\/12\/villa-2-300x200.jpg 300w, https:\/\/abzturistico.com\/wp-content\/uploads\/2021\/12\/villa-2-768x512.jpg 768w, https:\/\/abzturistico.com\/wp-content\/uploads\/2021\/12\/villa-2-1024x682.jpg 1024w, https:\/\/abzturistico.com\/wp-content\/uploads\/2021\/12\/villa-2-400x267.jpg 400w, https:\/\/abzturistico.com\/wp-content\/uploads\/2021\/12\/villa-2-900x600.jpg 900w\" sizes=\"auto, (max-width: 1280px) 100vw, 1280px\" \/><\/a><\/p>\n<h3>Los representantes<\/h3>\n<p>Vallarta-Nayarit Gastron\u00f3mica tuvo platillos t\u00edpicos de los Estados de Chihuahua, Tamaulipas, Nayarit, Coahuila y Guanajuato, dando como resultado un homenaje a las ra\u00edces mexicanas con una diversidad de texturas, t\u00e9cnicas e ingredientes \u00fanicos.<\/p>\n<p>La cena fue el respiro que muchos necesitaban despu\u00e9s de una temporada en donde las actividades se pusieron en pausa. La creatividad culinaria y la atenci\u00f3n a los detalles en cada platillo fue la manera de celebrar no solo el sabor sino las experiencias que est\u00e1n por llegar.<\/p>\n<p><a href=\"https:\/\/abzturistico.com\/wp-content\/uploads\/2021\/12\/villa-3.jpg\"><img loading=\"lazy\" decoding=\"async\" class=\"alignnone size-full wp-image-42709\" src=\"https:\/\/abzturistico.com\/wp-content\/uploads\/2021\/12\/villa-3.jpg\" alt=\"\" width=\"1280\" height=\"853\" srcset=\"https:\/\/abzturistico.com\/wp-content\/uploads\/2021\/12\/villa-3.jpg 1280w, https:\/\/abzturistico.com\/wp-content\/uploads\/2021\/12\/villa-3-300x200.jpg 300w, https:\/\/abzturistico.com\/wp-content\/uploads\/2021\/12\/villa-3-768x512.jpg 768w, https:\/\/abzturistico.com\/wp-content\/uploads\/2021\/12\/villa-3-1024x682.jpg 1024w, https:\/\/abzturistico.com\/wp-content\/uploads\/2021\/12\/villa-3-400x267.jpg 400w, https:\/\/abzturistico.com\/wp-content\/uploads\/2021\/12\/villa-3-900x600.jpg 900w\" sizes=\"auto, (max-width: 1280px) 100vw, 1280px\" \/><\/a><\/p>\n","protected":false},"excerpt":{"rendered":"<p>En el marco de la 13va edici\u00f3n de Vallarta-Nayarit Gastron\u00f3mica, Villa Premiere Boutique Hotel &amp; Romantic Getaway se puso de manteles largos al convertirse en sede de la primera Cena de Embajadores donde los sabores mexicanos se hicieron presentes en el restaurante cocina de autor \u201cLa Corona\u201d por el chef Sebasti\u00e1n Varona. \u00a1Que pase el primer plato! Para dar inicio a la celebraci\u00f3n, el mix\u00f3logo Enrique Ruiz hizo magia preparando bebidas aut\u00e9nticas con sal de gusano y miel de agave, una probadita de lo que ser\u00eda una velada llena de m\u00fasica, color y \u00a1mojigangas! Despu\u00e9s de la primera pieza de [&hellip;]<\/p>\n","protected":false},"author":7,"featured_media":42710,"comment_status":"open","ping_status":"open","sticky":false,"template":"","format":"standard","meta":{"footnotes":""},"categories":[576,560],"tags":[],"class_list":["post-42706","post","type-post","status-publish","format-standard","has-post-thumbnail","hentry","category-app","category-publirreportaje-3"],"_links":{"self":[{"href":"https:\/\/abzturistico.com\/index.php?rest_route=\/wp\/v2\/posts\/42706","targetHints":{"allow":["GET"]}}],"collection":[{"href":"https:\/\/abzturistico.com\/index.php?rest_route=\/wp\/v2\/posts"}],"about":[{"href":"https:\/\/abzturistico.com\/index.php?rest_route=\/wp\/v2\/types\/post"}],"author":[{"embeddable":true,"href":"https:\/\/abzturistico.com\/index.php?rest_route=\/wp\/v2\/users\/7"}],"replies":[{"embeddable":true,"href":"https:\/\/abzturistico.com\/index.php?rest_route=%2Fwp%2Fv2%2Fcomments&post=42706"}],"version-history":[{"count":1,"href":"https:\/\/abzturistico.com\/index.php?rest_route=\/wp\/v2\/posts\/42706\/revisions"}],"predecessor-version":[{"id":42711,"href":"https:\/\/abzturistico.com\/index.php?rest_route=\/wp\/v2\/posts\/42706\/revisions\/42711"}],"wp:featuredmedia":[{"embeddable":true,"href":"https:\/\/abzturistico.com\/index.php?rest_route=\/wp\/v2\/media\/42710"}],"wp:attachment":[{"href":"https:\/\/abzturistico.com\/index.php?rest_route=%2Fwp%2Fv2%2Fmedia&parent=42706"}],"wp:term":[{"taxonomy":"category","embeddable":true,"href":"https:\/\/abzturistico.com\/index.php?rest_route=%2Fwp%2Fv2%2Fcategories&post=42706"},{"taxonomy":"post_tag","embeddable":true,"href":"https:\/\/abzturistico.com\/index.php?rest_route=%2Fwp%2Fv2%2Ftags&post=42706"}],"curies":[{"name":"wp","href":"https:\/\/api.w.org\/{rel}","templated":true}]}}