{"id":42196,"date":"2021-09-01T00:06:12","date_gmt":"2021-09-01T06:06:12","guid":{"rendered":"http:\/\/abzturistico.com\/?p=42196"},"modified":"2021-08-30T11:23:59","modified_gmt":"2021-08-30T17:23:59","slug":"42196","status":"publish","type":"post","link":"https:\/\/abzturistico.com\/?p=42196","title":{"rendered":"COMPENDIUM 258"},"content":{"rendered":"<h3>Aerom\u00e9xico conectar\u00e1 Guadalajara y Madrid<\/h3>\n<p>Aerom\u00e9xico ofrecer\u00e1 el primer vuelo directo entre Guadalajara y Madrid, a partir del 15 de diciembre, con tres frecuencias semanales: lunes, jueves y s\u00e1bado. Lo anterior representa una oferta de casi 2,000 asientos con tarifas iniciales desde $599 USD en clase turista y $1999 en clase premier.<\/p>\n<p>El director general de Grupo Aeroportuario del Pac\u00edfico (GAP), Ra\u00fal Revuelta, coment\u00f3 que es una conexi\u00f3n en la que se ha trabajado por 15 a\u00f1os y fortalecer\u00e1 la demanda tur\u00edstica del Estado. Cabe destacar que esta ruta se convertir\u00e1 en la primera de la aerol\u00ednea en no tener como origen la CDMX y representa un crecimiento del 21% mensual en su capacidad total de asientos a Espa\u00f1a.<\/p>\n<p>Adem\u00e1s, se inform\u00f3 que a partir del 16 de diciembre Aerom\u00e9xico empezar\u00e1 a operar la nueva ruta entre Monterrey y Madrid con tres frecuencias semanales.<\/p>\n<p><a href=\"https:\/\/abzturistico.com\/wp-content\/uploads\/2021\/08\/comp-1.jpg\"><img loading=\"lazy\" decoding=\"async\" class=\"alignnone size-full wp-image-42197\" src=\"https:\/\/abzturistico.com\/wp-content\/uploads\/2021\/08\/comp-1.jpg\" alt=\"\" width=\"960\" height=\"960\" srcset=\"https:\/\/abzturistico.com\/wp-content\/uploads\/2021\/08\/comp-1.jpg 960w, https:\/\/abzturistico.com\/wp-content\/uploads\/2021\/08\/comp-1-150x150.jpg 150w, https:\/\/abzturistico.com\/wp-content\/uploads\/2021\/08\/comp-1-300x300.jpg 300w, https:\/\/abzturistico.com\/wp-content\/uploads\/2021\/08\/comp-1-768x768.jpg 768w, https:\/\/abzturistico.com\/wp-content\/uploads\/2021\/08\/comp-1-130x130.jpg 130w, https:\/\/abzturistico.com\/wp-content\/uploads\/2021\/08\/comp-1-400x400.jpg 400w, https:\/\/abzturistico.com\/wp-content\/uploads\/2021\/08\/comp-1-600x600.jpg 600w\" sizes=\"auto, (max-width: 960px) 100vw, 960px\" \/><\/a><\/p>\n<h3>Estados Amigos<\/h3>\n<p>La Secretar\u00eda de Turismo (Sectur) a trav\u00e9s de redes sociales ha implementado la campa\u00f1a \u201cEstados Amigos\u201d. A trav\u00e9s de ella se encargan de promover tradiciones y atractivos naturales, culturales y gastron\u00f3micos de distintos destinos.<\/p>\n<p>Campeche, CDMX, Chiapas, Durango, Guanajuato, Michoac\u00e1n, Quer\u00e9taro y Zacatecas, por mencionar algunos, son entidades que se han sumado a esta estrategia con el fin de impulsar el turismo de manera segura.<\/p>\n<p>A trav\u00e9s de #EstadosAmigos se comparte con la comunidad fotograf\u00edas e informaci\u00f3n que orienta y motiva al viajero.<\/p>\n<p><a href=\"https:\/\/abzturistico.com\/wp-content\/uploads\/2021\/08\/comp-2.jpg\"><img loading=\"lazy\" decoding=\"async\" class=\"alignnone size-full wp-image-42198\" src=\"https:\/\/abzturistico.com\/wp-content\/uploads\/2021\/08\/comp-2.jpg\" alt=\"\" width=\"1280\" height=\"853\" srcset=\"https:\/\/abzturistico.com\/wp-content\/uploads\/2021\/08\/comp-2.jpg 1280w, https:\/\/abzturistico.com\/wp-content\/uploads\/2021\/08\/comp-2-300x200.jpg 300w, https:\/\/abzturistico.com\/wp-content\/uploads\/2021\/08\/comp-2-768x512.jpg 768w, https:\/\/abzturistico.com\/wp-content\/uploads\/2021\/08\/comp-2-1024x682.jpg 1024w, https:\/\/abzturistico.com\/wp-content\/uploads\/2021\/08\/comp-2-400x267.jpg 400w, https:\/\/abzturistico.com\/wp-content\/uploads\/2021\/08\/comp-2-900x600.jpg 900w\" sizes=\"auto, (max-width: 1280px) 100vw, 1280px\" \/><\/a><\/p>\n<h3>Pases sanitarios en el mundo<\/h3>\n<p>Distintos pa\u00edses han abierto sus fronteras al turismo internacional, no sin antes implementar medidas estrat\u00e9gicas para evitar la propagaci\u00f3n del virus, una de ellas ha sido el \u201cpase sanitario,\u201d que consiste en tener el esquema completo de vacunaci\u00f3n contra la Covid-19.<\/p>\n<p>Aquellos viajeros mexicanos que desean salir del pa\u00eds pueden obtener el Certificado de Vacunaci\u00f3n una vez que reciben las dosis completas de la vacuna, pueden tramitarlo a trav\u00e9s de: https:\/\/cvcovid.salud.gob.mx\/. Es un documento con validez oficial que les permitir\u00e1 viajar sin preocupaciones.<\/p>\n<p>Es importante estar atentos a los requisitos de viajes del pa\u00eds que se desea visitar ya que estos se mantienen en constante actualizaci\u00f3n; por ejemplo, para ingresar a Francia se debe llenar un formulario y enviarlo a trav\u00e9s de correo electr\u00f3nico; mientras que Espa\u00f1a solicita un formulario en l\u00ednea expedido por el Ministerio de Salud del pa\u00eds disponible a trav\u00e9s del sitio web: https:\/\/www.spth.gob.es\/faq?tab=2<\/p>\n<p><a href=\"https:\/\/abzturistico.com\/wp-content\/uploads\/2021\/08\/comp-3.jpg\"><img loading=\"lazy\" decoding=\"async\" class=\"alignnone size-full wp-image-42199\" src=\"https:\/\/abzturistico.com\/wp-content\/uploads\/2021\/08\/comp-3.jpg\" alt=\"\" width=\"1280\" height=\"854\" srcset=\"https:\/\/abzturistico.com\/wp-content\/uploads\/2021\/08\/comp-3.jpg 1280w, https:\/\/abzturistico.com\/wp-content\/uploads\/2021\/08\/comp-3-300x200.jpg 300w, https:\/\/abzturistico.com\/wp-content\/uploads\/2021\/08\/comp-3-768x512.jpg 768w, https:\/\/abzturistico.com\/wp-content\/uploads\/2021\/08\/comp-3-1024x683.jpg 1024w, https:\/\/abzturistico.com\/wp-content\/uploads\/2021\/08\/comp-3-400x267.jpg 400w, https:\/\/abzturistico.com\/wp-content\/uploads\/2021\/08\/comp-3-899x600.jpg 899w\" sizes=\"auto, (max-width: 1280px) 100vw, 1280px\" \/><\/a><\/p>\n<h3>Hyatt Hotels Corporation compra Apple Leisure Group<\/h3>\n<p>Por un total de dos mil 700 millones de d\u00f3lares y en espera de que la transici\u00f3n termin\u00e9 el \u00faltimo trimestre del a\u00f1o en curso Hyatt firm\u00f3 un acuerdo para adquirir Apple Leisure Group (ALG). Con ello ser\u00e1 la cadena de resorts de lujo todo incluido m\u00e1s grande del mundo.<\/p>\n<p>La adquisici\u00f3n incluye Unlimited Vacation Club de ALG, con 110 mil miembros actuales y que es un exclusivo club que otorga tarifas preferenciales y beneficios adicionales.<\/p>\n<p>Ahora Hyatt sumar\u00e1 a su portafolio m\u00e1s de 33 mil habitaciones ubicadas en 10 pa\u00edses y las marcas que hasta hoy pertenecen a ALG seguir\u00e1n conservando su nombre y bajo la direcci\u00f3n del CEO actual, Alejandro Reynal.<\/p>\n<p>Hyatt tambi\u00e9n deja en claro que la plataforma de gesti\u00f3n de resorts independiente que logra con ALG aumentar\u00e1 la huella de la cadena en el mundo, pero tambi\u00e9n el potencial de ALG en destinos donde a\u00fan no tiene presencia.<\/p>\n<p><a href=\"https:\/\/abzturistico.com\/wp-content\/uploads\/2021\/08\/comp-4.jpg\"><img loading=\"lazy\" decoding=\"async\" class=\"alignnone size-full wp-image-42200\" src=\"https:\/\/abzturistico.com\/wp-content\/uploads\/2021\/08\/comp-4.jpg\" alt=\"\" width=\"1280\" height=\"853\" srcset=\"https:\/\/abzturistico.com\/wp-content\/uploads\/2021\/08\/comp-4.jpg 1280w, https:\/\/abzturistico.com\/wp-content\/uploads\/2021\/08\/comp-4-300x200.jpg 300w, https:\/\/abzturistico.com\/wp-content\/uploads\/2021\/08\/comp-4-768x512.jpg 768w, https:\/\/abzturistico.com\/wp-content\/uploads\/2021\/08\/comp-4-1024x682.jpg 1024w, https:\/\/abzturistico.com\/wp-content\/uploads\/2021\/08\/comp-4-400x267.jpg 400w, https:\/\/abzturistico.com\/wp-content\/uploads\/2021\/08\/comp-4-900x600.jpg 900w\" sizes=\"auto, (max-width: 1280px) 100vw, 1280px\" \/><\/a><\/p>\n","protected":false},"excerpt":{"rendered":"<p>Aerom\u00e9xico conectar\u00e1 Guadalajara y Madrid Aerom\u00e9xico ofrecer\u00e1 el primer vuelo directo entre Guadalajara y Madrid, a partir del 15 de diciembre, con tres frecuencias semanales: lunes, jueves y s\u00e1bado. Lo anterior representa una oferta de casi 2,000 asientos con tarifas iniciales desde $599 USD en clase turista y $1999 en clase premier. El director general de Grupo Aeroportuario del Pac\u00edfico (GAP), Ra\u00fal Revuelta, coment\u00f3 que es una conexi\u00f3n en la que se ha trabajado por 15 a\u00f1os y fortalecer\u00e1 la demanda tur\u00edstica del Estado. Cabe destacar que esta ruta se convertir\u00e1 en la primera de la aerol\u00ednea en no tener [&hellip;]<\/p>\n","protected":false},"author":7,"featured_media":42201,"comment_status":"open","ping_status":"open","sticky":false,"template":"","format":"standard","meta":{"footnotes":""},"categories":[576,20],"tags":[],"class_list":["post-42196","post","type-post","status-publish","format-standard","has-post-thumbnail","hentry","category-app","category-compendium"],"_links":{"self":[{"href":"https:\/\/abzturistico.com\/index.php?rest_route=\/wp\/v2\/posts\/42196","targetHints":{"allow":["GET"]}}],"collection":[{"href":"https:\/\/abzturistico.com\/index.php?rest_route=\/wp\/v2\/posts"}],"about":[{"href":"https:\/\/abzturistico.com\/index.php?rest_route=\/wp\/v2\/types\/post"}],"author":[{"embeddable":true,"href":"https:\/\/abzturistico.com\/index.php?rest_route=\/wp\/v2\/users\/7"}],"replies":[{"embeddable":true,"href":"https:\/\/abzturistico.com\/index.php?rest_route=%2Fwp%2Fv2%2Fcomments&post=42196"}],"version-history":[{"count":2,"href":"https:\/\/abzturistico.com\/index.php?rest_route=\/wp\/v2\/posts\/42196\/revisions"}],"predecessor-version":[{"id":42203,"href":"https:\/\/abzturistico.com\/index.php?rest_route=\/wp\/v2\/posts\/42196\/revisions\/42203"}],"wp:featuredmedia":[{"embeddable":true,"href":"https:\/\/abzturistico.com\/index.php?rest_route=\/wp\/v2\/media\/42201"}],"wp:attachment":[{"href":"https:\/\/abzturistico.com\/index.php?rest_route=%2Fwp%2Fv2%2Fmedia&parent=42196"}],"wp:term":[{"taxonomy":"category","embeddable":true,"href":"https:\/\/abzturistico.com\/index.php?rest_route=%2Fwp%2Fv2%2Fcategories&post=42196"},{"taxonomy":"post_tag","embeddable":true,"href":"https:\/\/abzturistico.com\/index.php?rest_route=%2Fwp%2Fv2%2Ftags&post=42196"}],"curies":[{"name":"wp","href":"https:\/\/api.w.org\/{rel}","templated":true}]}}